{"id":77149,"date":"2025-12-28T15:36:16","date_gmt":"2025-12-28T12:36:16","guid":{"rendered":"https:\/\/www.egemtv.com\/?p=77149"},"modified":"2025-12-28T15:36:16","modified_gmt":"2025-12-28T12:36:16","slug":"deve-gureslerinin-yeniden-yapilmasi-icin-aydinda-toplandilar","status":"publish","type":"post","link":"https:\/\/www.egemtv.com\/?p=77149","title":{"rendered":"Deve g\u00fcre\u015flerinin yeniden yap\u0131lmas\u0131 i\u00e7in Ayd\u0131n\u2019da topland\u0131lar"},"content":{"rendered":"<p>Ayd\u0131n\u2019da \u015fap hastal\u0131\u011f\u0131 gerek\u00e7esiyle ertelenen deve g\u00fcre\u015fleriyle ilgili belirsizlik devam ederken, deveciler ve deve g\u00fcre\u015fi severler yetkililere seslerini duyurmak amac\u0131yla bir araya geldi.<\/p>\n<p>Ege, Akdeniz ve Marmara b\u00f6lgelerinde k\u0131\u015f aylar\u0131n\u0131n en \u00f6nemli geleneksel organizasyonlar\u0131 aras\u0131nda yer alan deve g\u00fcre\u015fi festivalleri, Ayd\u0131n\u2019da \u015fap hastal\u0131\u011f\u0131 gerek\u00e7esiyle ertelenmi\u015fti. Aradan ge\u00e7en s\u00fcreye ra\u011fmen g\u00fcre\u015flerin yap\u0131l\u0131p yap\u0131lmayaca\u011f\u0131na dair resmi bir takvim a\u00e7\u0131klanmazken, sezonun b\u00fcy\u00fck b\u00f6l\u00fcm\u00fcn\u00fcn geride kalmas\u0131 tepkileri art\u0131rd\u0131. Devecilik K\u00fclt\u00fcr\u00fc ve Deve G\u00fcre\u015fleri Federasyonu\u2019nun (DEG\u00dcF) \u00e7a\u011fr\u0131s\u0131yla farkl\u0131 iller ile Ayd\u0131n\u2019\u0131n il\u00e7elerinden gelen deveciler, Efeler il\u00e7esindeki Ayter Alan\u0131\u2019nda bulu\u015ftu. Alanda baz\u0131 develer s\u00fcslenmi\u015f aksesuarlar\u0131yla yer al\u0131rken, deveciler pankarts\u0131z ama net mesajlarla taleplerini dile getirdi.<\/p>\n<p>Toplanan grup ad\u0131na konu\u015fan DEG\u00dcF Ba\u015fkan\u0131 Akk\u0131n Pazarl\u0131o\u011flu, develerde \u015fap hastal\u0131\u011f\u0131 bulunmad\u0131\u011f\u0131n\u0131 vurgulayarak, bu durumu bilimsel raporlarla ortaya koyduklar\u0131n\u0131 ifade etti. D\u00f6rt \u00fcniversiteden al\u0131nan g\u00f6r\u00fc\u015flerin yetkililere iletildi\u011fini aktaran Pazarl\u0131o\u011flu, sezonun yar\u0131s\u0131n\u0131n geride kald\u0131\u011f\u0131n\u0131, Ramazan ay\u0131n\u0131n yakla\u015fmas\u0131yla zaman\u0131n iyice darald\u0131\u011f\u0131n\u0131 belirterek, izin verilmesi halinde g\u00fcre\u015flerin takvime uygun \u015fekilde kald\u0131\u011f\u0131 yerden devam edece\u011fini dile getirdi. Yetkililerden g\u00fcre\u015flerin bir hafta ile 10 g\u00fcn i\u00e7inde yeniden ba\u015flayabilece\u011fi y\u00f6n\u00fcnde bilgi ald\u0131klar\u0131n\u0131 aktaran DEG\u00dcF Ba\u015fkan\u0131 Pazarl\u0131o\u011flu, bu s\u00fcre\u00e7te seslerini duyurmak ve tepkilerini ortaya koymak amac\u0131yla bir araya geldiklerini ifade etti. Deve g\u00fcre\u015flerinin yeniden yap\u0131labilmesi i\u00e7in yo\u011fun \u00e7aba harcad\u0131klar\u0131n\u0131 vurgulayan Pazarl\u0131o\u011flu, &#8220;Alt\u0131 haftal\u0131k bir s\u00fcre kaybettik, elimizde sadece alt\u0131 hafta kald\u0131. Ramazan ay\u0131 da yakla\u015f\u0131yor. Bu nedenle g\u00fcre\u015flerin Ramazan \u00f6ncesinde yeniden ba\u015flamas\u0131 b\u00fcy\u00fck \u00f6nem ta\u015f\u0131yor. Resmi kurumlardan onay \u00e7\u0131kmas\u0131 halinde g\u00fcre\u015fler kald\u0131\u011f\u0131 yerden devam edecek&#8221; dedi.<\/p>\n<p>Yakla\u015f\u0131k 40 y\u0131ld\u0131r devecilik yapt\u0131\u011f\u0131n\u0131 belirten Halil Co\u015fkun ise, bu y\u0131l ilk kez \u015fap gerek\u00e7esiyle b\u00f6yle bir erteleme ya\u015fand\u0131\u011f\u0131n\u0131 s\u00f6yledi. Deve g\u00fcre\u015flerinin yaln\u0131zca bir spor de\u011fil, ciddi bir ekonomik sekt\u00f6r oldu\u011funu vurgulayan Co\u015fkun, T\u00fcrkiye genelinde sezonda 80\u2019i a\u015fk\u0131n g\u00fcre\u015f d\u00fczenlendi\u011fini, milyonlarca seyirciye hitap eden bu organizasyonlar\u0131n havut ustas\u0131ndan \u00e7ulcusuna, el eme\u011fi i\u015flemecilerden organizasyon ekiplerine kadar geni\u015f bir kesimin ge\u00e7im kayna\u011f\u0131 oldu\u011funu ifade etti. Co\u015fkun ayr\u0131ca, develerin zorla g\u00fcre\u015ftirilmedi\u011finin de alt\u0131n\u0131 \u00e7izdi.<\/p>\n<p>Kaz\u0131m Eren Acer ise g\u00fcre\u015flerin yeniden ba\u015flamas\u0131 gerekti\u011fini kaydederek ama\u00e7lar\u0131n\u0131n k\u00fclt\u00fcrel miras\u0131 ya\u015fatmak ve gelecek ku\u015faklara aktarmak oldu\u011funu s\u00f6yledi.<\/p>\n<p>Toplanan deveciler ve vatanda\u015flar, deve g\u00fcre\u015flerinin yeniden ba\u015flamas\u0131 i\u00e7in yetkililerden bir an \u00f6nce net bir karar al\u0131nmas\u0131n\u0131 istedi.<br \/><\/p>\n","protected":false},"excerpt":{"rendered":"<p>Ayd\u0131n\u2019da \u015fap hastal\u0131\u011f\u0131 gerek\u00e7esiyle ertelenen deve g\u00fcre\u015fleriyle ilgili belirsizlik devam ederken, deveciler ve deve g\u00fcre\u015fi severler yetkililere seslerini duyurmak amac\u0131yla bir araya geldi. Ege, Akdeniz ve Marmara b\u00f6lgelerinde k\u0131\u015f aylar\u0131n\u0131n en \u00f6nemli geleneksel organizasyonlar\u0131 aras\u0131nda yer alan deve g\u00fcre\u015fi festivalleri, Ayd\u0131n\u2019da \u015fap hastal\u0131\u011f\u0131 gerek\u00e7esiyle ertelenmi\u015fti. Aradan ge\u00e7en s\u00fcreye ra\u011fmen g\u00fcre\u015flerin yap\u0131l\u0131p yap\u0131lmayaca\u011f\u0131na dair resmi bir&#8230;<\/p>\n","protected":false},"author":1,"featured_media":77150,"comment_status":"open","ping_status":"open","sticky":false,"template":"","format":"standard","meta":{"_crdt_document":"","footnotes":""},"categories":[1],"tags":[],"class_list":["post-77149","post","type-post","status-publish","format-standard","has-post-thumbnail","hentry","category-guncel"],"_links":{"self":[{"href":"https:\/\/www.egemtv.com\/index.php?rest_route=\/wp\/v2\/posts\/77149","targetHints":{"allow":["GET"]}}],"collection":[{"href":"https:\/\/www.egemtv.com\/index.php?rest_route=\/wp\/v2\/posts"}],"about":[{"href":"https:\/\/www.egemtv.com\/index.php?rest_route=\/wp\/v2\/types\/post"}],"author":[{"embeddable":true,"href":"https:\/\/www.egemtv.com\/index.php?rest_route=\/wp\/v2\/users\/1"}],"replies":[{"embeddable":true,"href":"https:\/\/www.egemtv.com\/index.php?rest_route=%2Fwp%2Fv2%2Fcomments&post=77149"}],"version-history":[{"count":1,"href":"https:\/\/www.egemtv.com\/index.php?rest_route=\/wp\/v2\/posts\/77149\/revisions"}],"predecessor-version":[{"id":77151,"href":"https:\/\/www.egemtv.com\/index.php?rest_route=\/wp\/v2\/posts\/77149\/revisions\/77151"}],"wp:featuredmedia":[{"embeddable":true,"href":"https:\/\/www.egemtv.com\/index.php?rest_route=\/wp\/v2\/media\/77150"}],"wp:attachment":[{"href":"https:\/\/www.egemtv.com\/index.php?rest_route=%2Fwp%2Fv2%2Fmedia&parent=77149"}],"wp:term":[{"taxonomy":"category","embeddable":true,"href":"https:\/\/www.egemtv.com\/index.php?rest_route=%2Fwp%2Fv2%2Fcategories&post=77149"},{"taxonomy":"post_tag","embeddable":true,"href":"https:\/\/www.egemtv.com\/index.php?rest_route=%2Fwp%2Fv2%2Ftags&post=77149"}],"curies":[{"name":"wp","href":"https:\/\/api.w.org\/{rel}","templated":true}]}}