{"id":77146,"date":"2025-12-28T15:36:15","date_gmt":"2025-12-28T12:36:15","guid":{"rendered":"https:\/\/www.egemtv.com\/?p=77146"},"modified":"2025-12-28T15:36:15","modified_gmt":"2025-12-28T12:36:15","slug":"yokluk-icinde-yasadigi-evde-yapilan-duzenlemeler-keziban-teyzenin-yuzunu-guldurdu","status":"publish","type":"post","link":"https:\/\/www.egemtv.com\/?p=77146","title":{"rendered":"Yokluk i\u00e7inde ya\u015fad\u0131\u011f\u0131 evde yap\u0131lan d\u00fczenlemeler Keziban teyzenin y\u00fcz\u00fcn\u00fc g\u00fcld\u00fcrd\u00fc"},"content":{"rendered":"<p>Isparta\u2019n\u0131n \u015earkikaraa\u011fa\u00e7 il\u00e7esine ba\u011fl\u0131 \u00c7alt\u0131 k\u00f6y\u00fcnde zor hayat \u015fartlay\u0131rla m\u00fccadele eden Keziban Erta\u015f\u2019\u0131n evinde banyo, tuvalet ve mutfak alanlar\u0131 yenilenerek daha sa\u011fl\u0131kl\u0131 bir ortam olu\u015fturuldu. Mutlulu\u011funu dile getiren Erta\u015f, &#8220;Sa\u011f olsunlar ekipleri g\u00f6nderdiler. \u0130steklerimiz tek tek yap\u0131l\u0131yor. Allah raz\u0131 olsun&#8221; dedi.<br \/>\n<br \/>Isparta\u2019n\u0131n \u015earkikaraa\u011fa\u00e7 il\u00e7esine ba\u011fl\u0131 \u00c7alt\u0131 k\u00f6y\u00fcnde ya\u015fayan Keziban Erta\u015f, uzun s\u00fcredir evindeki yetersiz banyo, tuvalet ve mutfak \u015fartlar\u0131 nedeniyle g\u00fcnl\u00fck ya\u015fam\u0131n\u0131 g\u00fc\u00e7l\u00fckle s\u00fcrd\u00fcr\u00fcyordu. \u00d6zellikle hijyen a\u00e7\u0131s\u0131ndan ciddi s\u0131k\u0131nt\u0131lar ya\u015fayan Erta\u015f\u2019\u0131n durumu Isparta Belediyesi ekipleri taraf\u0131ndan yap\u0131lan incelemelerin ard\u0131ndan tespit edildi. Y\u00fcr\u00fct\u00fclen \u00e7al\u0131\u015fma kapsam\u0131nda evin banyo ve tuvaleti ba\u015ftan sona d\u00fczenlenirken, mutfak alan\u0131na da yeni bir tezg\u00e2h kazand\u0131r\u0131ld\u0131. Yap\u0131lan d\u00fczenlemelerle birlikte ev, daha sa\u011fl\u0131kl\u0131 ve kullan\u0131\u015fl\u0131 bir hale getirildi. Ger\u00e7ekle\u015ftirilen \u00e7al\u0131\u015fmalar k\u00f6y sakinleri taraf\u0131ndan da memnuniyetle kar\u015f\u0131lan\u0131rken, Keziban Erta\u015f ise yap\u0131lan destekle birlikte y\u0131llard\u0131r ya\u015fad\u0131\u011f\u0131 s\u0131k\u0131nt\u0131n\u0131n b\u00fcy\u00fck \u00f6l\u00e7\u00fcde giderildi\u011fini ifade etti. \u00c7al\u0131\u015fman\u0131n, ihtiya\u00e7 sahibi vatanda\u015flar\u0131n hayat \u015fartlar\u0131n\u0131n iyile\u015ftirilmesine y\u00f6nelik sosyal destek anlay\u0131\u015f\u0131 \u00e7er\u00e7evesinde yap\u0131ld\u0131\u011f\u0131 belirtildi.<\/p>\n<p>&#8220;Ba\u015fkan\u0131m\u0131za \u00e7ok te\u015fekk\u00fcr ediyoruz&#8221;<br \/>\n<br \/>K\u00f6y sakini bir vatanda\u015f, &#8220;Keziban Erta\u015f, mutfa\u011f\u0131, banyosu ve tuvaleti olmad\u0131\u011f\u0131 i\u00e7in Isparta Belediye Ba\u015fkan\u0131m\u0131z \u015e\u00fckr\u00fc Ba\u015fde\u011firmen\u2019e ba\u015fvuru yapm\u0131\u015f. Ba\u015fkan\u0131m\u0131z da o ba\u015fvuruyu yerine getirmek \u00fczere ekiplerini Keziban Erta\u015f\u2019\u0131n evine g\u00f6nderdi. \u015eimdi de Keziban ablam\u0131z\u0131n banyosu, tuvaleti ve mutfak tezgah\u0131 yap\u0131l\u0131yor. Ba\u015fkan\u0131m\u0131za \u00e7ok te\u015fekk\u00fcr ediyoruz&#8221; dedi.<\/p>\n<p>&#8220;Sa\u011f olsunlar ekipleri g\u00f6nderdiler. \u0130steklerimiz tek tek yap\u0131l\u0131yor&#8221;<br \/>\n<br \/>Keziban Erta\u015f da evinde tuvalet ve banyo olmamas\u0131 nedeniyle zorluk \u00e7ektiklerini belirterek, destek olan Isparta Belediye Ba\u015fkan\u0131 \u015e\u00fckr\u00fc Ba\u015fde\u011firmen\u2019e te\u015fekk\u00fcr etti. Erta\u015f, &#8220;Ba\u015fkan\u0131m\u0131z \u015e\u00fckr\u00fc Ba\u015fde\u011firmen\u2019e te\u015fekk\u00fcr ederim. Benim elimden tuttu. Ba\u015fkan\u0131mdan banyo, tuvalet ve mutfak tezgah\u0131 istemi\u015ftim. Sa\u011f olsunlar ekipleri g\u00f6nderdiler. \u0130steklerimiz tek tek yap\u0131l\u0131yor. Allah raz\u0131 olsun&#8221; dedi.<br \/>\n<br \/>\u00d6te yandan Isparta Belediyesi, sosyal yard\u0131m ve k\u0131rsal destek projeleriyle dayan\u0131\u015fma k\u00fclt\u00fcr\u00fcn\u00fc g\u00fc\u00e7lendirmeye ve vatanda\u015flar\u0131n hayat kalitesini y\u00fckseltmeye devam ediyor.<br \/><\/p>\n","protected":false},"excerpt":{"rendered":"<p>Isparta\u2019n\u0131n \u015earkikaraa\u011fa\u00e7 il\u00e7esine ba\u011fl\u0131 \u00c7alt\u0131 k\u00f6y\u00fcnde zor hayat \u015fartlay\u0131rla m\u00fccadele eden Keziban Erta\u015f\u2019\u0131n evinde banyo, tuvalet ve mutfak alanlar\u0131 yenilenerek daha sa\u011fl\u0131kl\u0131 bir ortam olu\u015fturuldu. Mutlulu\u011funu dile getiren Erta\u015f, &#8220;Sa\u011f olsunlar ekipleri g\u00f6nderdiler. \u0130steklerimiz tek tek yap\u0131l\u0131yor. Allah raz\u0131 olsun&#8221; dedi. Isparta\u2019n\u0131n \u015earkikaraa\u011fa\u00e7 il\u00e7esine ba\u011fl\u0131 \u00c7alt\u0131 k\u00f6y\u00fcnde ya\u015fayan Keziban Erta\u015f, uzun s\u00fcredir evindeki yetersiz banyo,&#8230;<\/p>\n","protected":false},"author":1,"featured_media":77147,"comment_status":"open","ping_status":"open","sticky":false,"template":"","format":"standard","meta":{"_crdt_document":"","footnotes":""},"categories":[123],"tags":[],"class_list":["post-77146","post","type-post","status-publish","format-standard","has-post-thumbnail","hentry","category-gundem"],"_links":{"self":[{"href":"https:\/\/www.egemtv.com\/index.php?rest_route=\/wp\/v2\/posts\/77146","targetHints":{"allow":["GET"]}}],"collection":[{"href":"https:\/\/www.egemtv.com\/index.php?rest_route=\/wp\/v2\/posts"}],"about":[{"href":"https:\/\/www.egemtv.com\/index.php?rest_route=\/wp\/v2\/types\/post"}],"author":[{"embeddable":true,"href":"https:\/\/www.egemtv.com\/index.php?rest_route=\/wp\/v2\/users\/1"}],"replies":[{"embeddable":true,"href":"https:\/\/www.egemtv.com\/index.php?rest_route=%2Fwp%2Fv2%2Fcomments&post=77146"}],"version-history":[{"count":1,"href":"https:\/\/www.egemtv.com\/index.php?rest_route=\/wp\/v2\/posts\/77146\/revisions"}],"predecessor-version":[{"id":77148,"href":"https:\/\/www.egemtv.com\/index.php?rest_route=\/wp\/v2\/posts\/77146\/revisions\/77148"}],"wp:featuredmedia":[{"embeddable":true,"href":"https:\/\/www.egemtv.com\/index.php?rest_route=\/wp\/v2\/media\/77147"}],"wp:attachment":[{"href":"https:\/\/www.egemtv.com\/index.php?rest_route=%2Fwp%2Fv2%2Fmedia&parent=77146"}],"wp:term":[{"taxonomy":"category","embeddable":true,"href":"https:\/\/www.egemtv.com\/index.php?rest_route=%2Fwp%2Fv2%2Fcategories&post=77146"},{"taxonomy":"post_tag","embeddable":true,"href":"https:\/\/www.egemtv.com\/index.php?rest_route=%2Fwp%2Fv2%2Ftags&post=77146"}],"curies":[{"name":"wp","href":"https:\/\/api.w.org\/{rel}","templated":true}]}}