{"id":77143,"date":"2025-12-28T14:54:47","date_gmt":"2025-12-28T11:54:47","guid":{"rendered":"https:\/\/www.egemtv.com\/?p=77143"},"modified":"2025-12-28T14:54:47","modified_gmt":"2025-12-28T11:54:47","slug":"koycegizde-ogrenciler-ayi-teleskopla-inceledi","status":"publish","type":"post","link":"https:\/\/www.egemtv.com\/?p=77143","title":{"rendered":"K\u00f6yce\u011fiz\u2019de \u00f6\u011frenciler Ay\u2019\u0131 teleskopla inceledi"},"content":{"rendered":"<p>Mu\u011fla\u2019n\u0131n K\u00f6yce\u011fiz il\u00e7esinde K\u00f6yce\u011fiz Bilim ve Sanat Merkezi (B\u0130LSEM) ve Naip H\u00fcseyin Anadolu Lisesi\u2019nin i\u015f birli\u011fi ile planlanan \u2019Kadraj\u0131mdan G\u00f6ky\u00fcz\u00fc At\u00f6lyesi\u2019 etkinli\u011fine kat\u0131lan \u00f6\u011frenciler, teleskopla Ay\u2019\u0131n y\u00fczeyini ve Sat\u00fcrn\u2019\u00fc g\u00f6zlemleyerek unutulmaz bir deneyim ya\u015fad\u0131.<\/p>\n<p>Milli E\u011fitim Bakanl\u0131\u011f\u0131\u2019n\u0131n, bilimsel d\u00fc\u015f\u00fcnme, teknolojik \u00fcretkenlik ve sosyal beceri geli\u015fimini erken ya\u015flardan itibaren te\u015fvik etmek amac\u0131yla planlad\u0131\u011f\u0131 Gen\u00e7-Arge Faaliyetleri dahilinde K\u00f6yce\u011fiz Aral\u0131k ay\u0131 faaliyeti \u2019Kadraj\u0131mdan G\u00f6ky\u00fcz\u00fc At\u00f6lyesi\u2019 etkinli\u011fi Naip H\u00fcseyin Anadolu Lisesi taraf\u0131ndan organize edildi. Mu\u011fla S\u0131tk\u0131 Ko\u00e7man \u00dcniversitesi\u2019nden Astronom Do\u00e7. Dr. Hasan Z\u00fcht\u00fc Okulu ile ilk olarak Ay ve Sat\u00fcrn g\u00f6zlemi yap\u0131ld\u0131. Etkinlik kapsam\u0131nda \u00f6\u011frenciler, Ay\u2019\u0131n muhte\u015fem g\u00f6r\u00fcnt\u00fcs\u00fcn\u00fc teleskopla yak\u0131ndan inceleme f\u0131rsat\u0131 buldu. Teleskop ba\u015f\u0131nda uzun kuyruklar olu\u015fturan kat\u0131l\u0131mc\u0131lar, heyecanla Ay\u2019\u0131n y\u00fczeyindeki kraterleri ve detaylar\u0131 g\u00f6zlemledi. Astronom Do\u00e7. Dr. Okulu\u2019nun yapt\u0131\u011f\u0131 bilgilendirme sonras\u0131nda \u00f6\u011frenciler uzay ve astronomi ile ilgili sorular\u0131n\u0131 sordu. K\u00f6yce\u011fiz Delta Plaj\u0131\u2019nda ger\u00e7ekle\u015fen \u2019Kadraj\u0131mdan G\u00f6ky\u00fcz\u00fc At\u00f6lyesi\u2019 etkinli\u011fi, \u00f6\u011frenci ve velilerden b\u00fcy\u00fck ilgi g\u00f6rd\u00fc.<\/p>\n<p>Halka a\u00e7\u0131k olarak yap\u0131lan etkinli\u011fe K\u00f6yce\u011fiz \u0130l\u00e7e Milli E\u011fitim M\u00fcd\u00fcr\u00fc Taner \u015een, okullardan idareci, \u00f6\u011fretmen, \u00f6\u011frenci ve veliler kat\u0131ld\u0131.<br \/><\/p>\n","protected":false},"excerpt":{"rendered":"<p>Mu\u011fla\u2019n\u0131n K\u00f6yce\u011fiz il\u00e7esinde K\u00f6yce\u011fiz Bilim ve Sanat Merkezi (B\u0130LSEM) ve Naip H\u00fcseyin Anadolu Lisesi\u2019nin i\u015f birli\u011fi ile planlanan \u2019Kadraj\u0131mdan G\u00f6ky\u00fcz\u00fc At\u00f6lyesi\u2019 etkinli\u011fine kat\u0131lan \u00f6\u011frenciler, teleskopla Ay\u2019\u0131n y\u00fczeyini ve Sat\u00fcrn\u2019\u00fc g\u00f6zlemleyerek unutulmaz bir deneyim ya\u015fad\u0131. Milli E\u011fitim Bakanl\u0131\u011f\u0131\u2019n\u0131n, bilimsel d\u00fc\u015f\u00fcnme, teknolojik \u00fcretkenlik ve sosyal beceri geli\u015fimini erken ya\u015flardan itibaren te\u015fvik etmek amac\u0131yla planlad\u0131\u011f\u0131 Gen\u00e7-Arge Faaliyetleri dahilinde&#8230;<\/p>\n","protected":false},"author":1,"featured_media":77144,"comment_status":"open","ping_status":"open","sticky":false,"template":"","format":"standard","meta":{"_crdt_document":"","footnotes":""},"categories":[124],"tags":[],"class_list":["post-77143","post","type-post","status-publish","format-standard","has-post-thumbnail","hentry","category-bilim"],"_links":{"self":[{"href":"https:\/\/www.egemtv.com\/index.php?rest_route=\/wp\/v2\/posts\/77143","targetHints":{"allow":["GET"]}}],"collection":[{"href":"https:\/\/www.egemtv.com\/index.php?rest_route=\/wp\/v2\/posts"}],"about":[{"href":"https:\/\/www.egemtv.com\/index.php?rest_route=\/wp\/v2\/types\/post"}],"author":[{"embeddable":true,"href":"https:\/\/www.egemtv.com\/index.php?rest_route=\/wp\/v2\/users\/1"}],"replies":[{"embeddable":true,"href":"https:\/\/www.egemtv.com\/index.php?rest_route=%2Fwp%2Fv2%2Fcomments&post=77143"}],"version-history":[{"count":1,"href":"https:\/\/www.egemtv.com\/index.php?rest_route=\/wp\/v2\/posts\/77143\/revisions"}],"predecessor-version":[{"id":77145,"href":"https:\/\/www.egemtv.com\/index.php?rest_route=\/wp\/v2\/posts\/77143\/revisions\/77145"}],"wp:featuredmedia":[{"embeddable":true,"href":"https:\/\/www.egemtv.com\/index.php?rest_route=\/wp\/v2\/media\/77144"}],"wp:attachment":[{"href":"https:\/\/www.egemtv.com\/index.php?rest_route=%2Fwp%2Fv2%2Fmedia&parent=77143"}],"wp:term":[{"taxonomy":"category","embeddable":true,"href":"https:\/\/www.egemtv.com\/index.php?rest_route=%2Fwp%2Fv2%2Fcategories&post=77143"},{"taxonomy":"post_tag","embeddable":true,"href":"https:\/\/www.egemtv.com\/index.php?rest_route=%2Fwp%2Fv2%2Ftags&post=77143"}],"curies":[{"name":"wp","href":"https:\/\/api.w.org\/{rel}","templated":true}]}}