{"id":77140,"date":"2025-12-28T14:36:25","date_gmt":"2025-12-28T11:36:25","guid":{"rendered":"https:\/\/www.egemtv.com\/?p=77140"},"modified":"2025-12-28T14:36:26","modified_gmt":"2025-12-28T11:36:26","slug":"didim-cumhuriyet-kent-meydaninda-yilbasi-coskusu-her-aksam-devam-ediyor","status":"publish","type":"post","link":"https:\/\/www.egemtv.com\/?p=77140","title":{"rendered":"Didim Cumhuriyet Kent Meydan\u0131\u2019nda y\u0131lba\u015f\u0131 co\u015fkusu her ak\u015fam devam ediyor"},"content":{"rendered":"<p>Ayd\u0131n\u2019\u0131n Didim il\u00e7esinde y\u0131lba\u015f\u0131 etkinlikleri kapsam\u0131nda Didim Belediyesi taraf\u0131ndan d\u00fczenlenen programlar Cumhuriyet Kent Meydan\u0131\u2019n\u0131 adeta bir \u015fenlik alan\u0131na d\u00f6n\u00fc\u015ft\u00fcrd\u00fc.<\/p>\n<p>I\u015f\u0131klar\u0131n par\u0131lt\u0131s\u0131 ve m\u00fczi\u011fin ritmiyle bamba\u015fka bir atmosfere b\u00fcr\u00fcnen meydanda, her ya\u015ftan halk\u0131n kat\u0131l\u0131m\u0131yla renkli ve co\u015fkulu anlar ya\u015fan\u0131yor. \u00c7ocuklar\u0131n kahkahalar\u0131, sahne g\u00f6sterileri, canl\u0131 m\u00fczik performanslar\u0131 ve \u00e7e\u015fitli etkinlikler Didim ak\u015famlar\u0131na ayr\u0131 bir canl\u0131l\u0131k kat\u0131yor. Cumhuriyet Kent Meydan\u0131\u2019nda ger\u00e7ekle\u015ftirilen etkinliklere kat\u0131lan Didim Belediye Ba\u015fkan\u0131 Hatice Gen\u00e7ay halkla bir araya geldi. Meydan\u0131 dolduran Didimlilerle sohbet eden Ba\u015fkan Hatice Gen\u00e7ay, y\u0131lba\u015f\u0131 etkinliklerinin kentte birlik, beraberlik ve dayan\u0131\u015fma duygusunu g\u00fc\u00e7lendirdi\u011fini vurgulad\u0131. Ba\u015fkan Hatice Gen\u00e7ay, &#8220;Y\u0131lba\u015f\u0131 etkinliklerimiz kentimize ne\u015fe, umut ve dayan\u0131\u015fma katmaya devam ediyor. Her ya\u015ftan hem\u015fehrimizle ayn\u0131 co\u015fkuyu payla\u015fmak, meydan\u0131 birlikte doldurmak bizler i\u00e7in \u00e7ok k\u0131ymetli&#8221; ifadelerini kulland\u0131.<\/p>\n<p>Halk\u0131n yo\u011fun ilgi g\u00f6sterdi\u011fi etkinlikler, \u00f6zellikle aileler ve \u00e7ocuklar i\u00e7in keyifli anlara sahne oluyor. Kent sakinleri, m\u00fczik ve e\u011flence dolu programlar e\u015fli\u011finde yeni y\u0131l\u0131 kar\u015f\u0131laman\u0131n heyecan\u0131n\u0131 ya\u015farken, Cumhuriyet Kent Meydan\u0131 Didim\u2019in sosyal ya\u015fam\u0131nda \u00f6nemli bir bulu\u015fma noktas\u0131 olmay\u0131 s\u00fcrd\u00fcr\u00fcyor.<\/p>\n<p>Y\u0131lba\u015f\u0131 etkinlikleri, her ak\u015fam saat 18.00\u2019de ba\u015flayarak 31 Aral\u0131k\u2019a kadar Cumhuriyet Kent Meydan\u0131\u2019nda devam edecek.<br \/><\/p>\n","protected":false},"excerpt":{"rendered":"<p>Ayd\u0131n\u2019\u0131n Didim il\u00e7esinde y\u0131lba\u015f\u0131 etkinlikleri kapsam\u0131nda Didim Belediyesi taraf\u0131ndan d\u00fczenlenen programlar Cumhuriyet Kent Meydan\u0131\u2019n\u0131 adeta bir \u015fenlik alan\u0131na d\u00f6n\u00fc\u015ft\u00fcrd\u00fc. I\u015f\u0131klar\u0131n par\u0131lt\u0131s\u0131 ve m\u00fczi\u011fin ritmiyle bamba\u015fka bir atmosfere b\u00fcr\u00fcnen meydanda, her ya\u015ftan halk\u0131n kat\u0131l\u0131m\u0131yla renkli ve co\u015fkulu anlar ya\u015fan\u0131yor. \u00c7ocuklar\u0131n kahkahalar\u0131, sahne g\u00f6sterileri, canl\u0131 m\u00fczik performanslar\u0131 ve \u00e7e\u015fitli etkinlikler Didim ak\u015famlar\u0131na ayr\u0131 bir canl\u0131l\u0131k kat\u0131yor. Cumhuriyet&#8230;<\/p>\n","protected":false},"author":1,"featured_media":77141,"comment_status":"open","ping_status":"open","sticky":false,"template":"","format":"standard","meta":{"_crdt_document":"","footnotes":""},"categories":[1],"tags":[],"class_list":["post-77140","post","type-post","status-publish","format-standard","has-post-thumbnail","hentry","category-guncel"],"_links":{"self":[{"href":"https:\/\/www.egemtv.com\/index.php?rest_route=\/wp\/v2\/posts\/77140","targetHints":{"allow":["GET"]}}],"collection":[{"href":"https:\/\/www.egemtv.com\/index.php?rest_route=\/wp\/v2\/posts"}],"about":[{"href":"https:\/\/www.egemtv.com\/index.php?rest_route=\/wp\/v2\/types\/post"}],"author":[{"embeddable":true,"href":"https:\/\/www.egemtv.com\/index.php?rest_route=\/wp\/v2\/users\/1"}],"replies":[{"embeddable":true,"href":"https:\/\/www.egemtv.com\/index.php?rest_route=%2Fwp%2Fv2%2Fcomments&post=77140"}],"version-history":[{"count":1,"href":"https:\/\/www.egemtv.com\/index.php?rest_route=\/wp\/v2\/posts\/77140\/revisions"}],"predecessor-version":[{"id":77142,"href":"https:\/\/www.egemtv.com\/index.php?rest_route=\/wp\/v2\/posts\/77140\/revisions\/77142"}],"wp:featuredmedia":[{"embeddable":true,"href":"https:\/\/www.egemtv.com\/index.php?rest_route=\/wp\/v2\/media\/77141"}],"wp:attachment":[{"href":"https:\/\/www.egemtv.com\/index.php?rest_route=%2Fwp%2Fv2%2Fmedia&parent=77140"}],"wp:term":[{"taxonomy":"category","embeddable":true,"href":"https:\/\/www.egemtv.com\/index.php?rest_route=%2Fwp%2Fv2%2Fcategories&post=77140"},{"taxonomy":"post_tag","embeddable":true,"href":"https:\/\/www.egemtv.com\/index.php?rest_route=%2Fwp%2Fv2%2Ftags&post=77140"}],"curies":[{"name":"wp","href":"https:\/\/api.w.org\/{rel}","templated":true}]}}