{"id":77137,"date":"2025-12-28T13:54:41","date_gmt":"2025-12-28T10:54:41","guid":{"rendered":"https:\/\/www.egemtv.com\/?p=77137"},"modified":"2025-12-28T13:54:41","modified_gmt":"2025-12-28T10:54:41","slug":"koycegiz-tazelenme-kampusunde-yariyil-tatili-basladi","status":"publish","type":"post","link":"https:\/\/www.egemtv.com\/?p=77137","title":{"rendered":"K\u00f6yce\u011fiz Tazelenme Kamp\u00fcs\u00fc\u2019nde yar\u0131y\u0131l tatili ba\u015flad\u0131"},"content":{"rendered":"<p>Mu\u011fla\u2019n\u0131n K\u00f6yce\u011fiz il\u00e7esinde 60 ya\u015f \u00fcst\u00fc vatanda\u015flar\u0131n e\u011fitim-\u00f6\u011fretime devam etti\u011fi Tazelenme \u00dcniversitesi\u2019nde \u2018Nefes Teknikleri ve Meditasyon\u2019 dersinin tamamlanmas\u0131yla yar\u0131y\u0131l tatili ba\u015flad\u0131.<\/p>\n<p>E\u011fitmen G\u00fcliz Akg\u00fczel, teorik ve uygulamal\u0131 olarak verdi\u011fi nefes e\u011fitimleri ile 60 ya\u015f \u00fcst\u00fc bireylerin rahatlamalar\u0131n\u0131 sa\u011fl\u0131yor. K\u00f6yce\u011fiz Sa\u011fl\u0131k Meslek Y\u00fcksek Okulu Konferans Salonunda d\u00fczenlenen e\u011fitimlere Tazelenme \u00dcniversitesi \u00f6\u011frencileri yo\u011fun ra\u011fbet g\u00f6steriyor. Mu\u011fla S\u0131tk\u0131 Ko\u00e7man \u00dcniversitesi K\u00f6yce\u011fiz Tazelenme Kamp\u00fcs\u00fc\u2019nde g\u00f6rev yapan e\u011fiticiler g\u00f6n\u00fcll\u00fcl\u00fck esas\u0131na g\u00f6re \u00e7al\u0131\u015f\u0131yor. Tazelenme \u00dcniversitesi K\u00f6yce\u011fiz Kamp\u00fcs\u00fc \u00f6\u011frencileri e\u011fitimlerden mutlu olduklar\u0131n\u0131 ve derslerden \u00e7ok fayda g\u00f6rd\u00fcklerini belirterek, yar\u0131y\u0131l tatili istemediklerini ifade ettiler.<br \/><\/p>\n","protected":false},"excerpt":{"rendered":"<p>Mu\u011fla\u2019n\u0131n K\u00f6yce\u011fiz il\u00e7esinde 60 ya\u015f \u00fcst\u00fc vatanda\u015flar\u0131n e\u011fitim-\u00f6\u011fretime devam etti\u011fi Tazelenme \u00dcniversitesi\u2019nde \u2018Nefes Teknikleri ve Meditasyon\u2019 dersinin tamamlanmas\u0131yla yar\u0131y\u0131l tatili ba\u015flad\u0131. E\u011fitmen G\u00fcliz Akg\u00fczel, teorik ve uygulamal\u0131 olarak verdi\u011fi nefes e\u011fitimleri ile 60 ya\u015f \u00fcst\u00fc bireylerin rahatlamalar\u0131n\u0131 sa\u011fl\u0131yor. K\u00f6yce\u011fiz Sa\u011fl\u0131k Meslek Y\u00fcksek Okulu Konferans Salonunda d\u00fczenlenen e\u011fitimlere Tazelenme \u00dcniversitesi \u00f6\u011frencileri yo\u011fun ra\u011fbet g\u00f6steriyor. Mu\u011fla S\u0131tk\u0131&#8230;<\/p>\n","protected":false},"author":1,"featured_media":77138,"comment_status":"open","ping_status":"open","sticky":false,"template":"","format":"standard","meta":{"_crdt_document":"","footnotes":""},"categories":[1],"tags":[],"class_list":["post-77137","post","type-post","status-publish","format-standard","has-post-thumbnail","hentry","category-guncel"],"_links":{"self":[{"href":"https:\/\/www.egemtv.com\/index.php?rest_route=\/wp\/v2\/posts\/77137","targetHints":{"allow":["GET"]}}],"collection":[{"href":"https:\/\/www.egemtv.com\/index.php?rest_route=\/wp\/v2\/posts"}],"about":[{"href":"https:\/\/www.egemtv.com\/index.php?rest_route=\/wp\/v2\/types\/post"}],"author":[{"embeddable":true,"href":"https:\/\/www.egemtv.com\/index.php?rest_route=\/wp\/v2\/users\/1"}],"replies":[{"embeddable":true,"href":"https:\/\/www.egemtv.com\/index.php?rest_route=%2Fwp%2Fv2%2Fcomments&post=77137"}],"version-history":[{"count":1,"href":"https:\/\/www.egemtv.com\/index.php?rest_route=\/wp\/v2\/posts\/77137\/revisions"}],"predecessor-version":[{"id":77139,"href":"https:\/\/www.egemtv.com\/index.php?rest_route=\/wp\/v2\/posts\/77137\/revisions\/77139"}],"wp:featuredmedia":[{"embeddable":true,"href":"https:\/\/www.egemtv.com\/index.php?rest_route=\/wp\/v2\/media\/77138"}],"wp:attachment":[{"href":"https:\/\/www.egemtv.com\/index.php?rest_route=%2Fwp%2Fv2%2Fmedia&parent=77137"}],"wp:term":[{"taxonomy":"category","embeddable":true,"href":"https:\/\/www.egemtv.com\/index.php?rest_route=%2Fwp%2Fv2%2Fcategories&post=77137"},{"taxonomy":"post_tag","embeddable":true,"href":"https:\/\/www.egemtv.com\/index.php?rest_route=%2Fwp%2Fv2%2Ftags&post=77137"}],"curies":[{"name":"wp","href":"https:\/\/api.w.org\/{rel}","templated":true}]}}