{"id":77134,"date":"2025-12-28T13:34:54","date_gmt":"2025-12-28T10:34:54","guid":{"rendered":"https:\/\/www.egemtv.com\/?p=77134"},"modified":"2025-12-28T13:34:55","modified_gmt":"2025-12-28T10:34:55","slug":"super-ligde-ilk-yarinin-en-genc-takimi-goztepe","status":"publish","type":"post","link":"https:\/\/www.egemtv.com\/?p=77134","title":{"rendered":"S\u00fcper Lig\u2019de ilk yar\u0131n\u0131n en gen\u00e7 tak\u0131m\u0131 G\u00f6ztepe"},"content":{"rendered":"<p>Trendyol S\u00fcper Lig\u2019de sezonun ilk yar\u0131s\u0131n\u0131n en gen\u00e7 tak\u0131m\u0131 25,2 ya\u015f ortalamas\u0131yla G\u00f6ztepe oldu.<br \/>\n<br \/>Trendyol S\u00fcper Lig\u2019de 17 haftan\u0131n tamamlanmas\u0131n\u0131n ard\u0131ndan sezonun ilk yar\u0131s\u0131 tamamland\u0131. Ligin ilk yar\u0131s\u0131nda oynanan ma\u00e7larda tak\u0131mlar\u0131n ya\u015f ortalamas\u0131 da belli oldu. En gen\u00e7 tak\u0131m 25,2\u2019lik ya\u015f ortalamas\u0131yla G\u00f6ztepe oldu. Transfer politikas\u0131nda k\u00f6kl\u00fc bir de\u011fi\u015fime giden G\u00f6ztepe, gelece\u011fe yat\u0131r\u0131m yaparak gen\u00e7 ve potansiyelli oyunculara y\u00f6neldi. Son iki sezonda yerli ve yabanc\u0131 bir\u00e7ok gen\u00e7 futbolcuyu vitrine \u00e7\u0131karan sar\u0131-k\u0131rm\u0131z\u0131l\u0131lar b\u00f6ylelikle bu sezon da ya\u015f ortalamas\u0131yla \u00f6ne \u00e7\u0131kt\u0131.<br \/>\n<br \/>Ligin ilk yar\u0131s\u0131n\u0131 4. s\u0131rada tamamlayan sar\u0131-k\u0131rm\u0131z\u0131l\u0131lar transfer politikas\u0131nda yaln\u0131zca gen\u00e7 ya da tecr\u00fcbeli oyunculara y\u00f6nelmek yerine, teknik heyetin raporlar\u0131 do\u011frultusunda ihtiya\u00e7 duyulan b\u00f6lgelere en do\u011fru takviyeleri yapmay\u0131 tercih ediyor. Yaz transfer d\u00f6neminde savunma hatt\u0131 32 ya\u015f\u0131ndaki Godoi ile g\u00fc\u00e7lendirilirken, h\u00fccum hatt\u0131na 19 ya\u015f\u0131ndaki forvet Sabra dahil edildi. Farkl\u0131 bir b\u00f6lge olan kanat bek pozisyonu 2002 do\u011fumlu Arda Okan Kurtulan ile takviye edilirken, h\u00fccuma y\u00f6nelik orta saha i\u00e7in de 30 ya\u015f\u0131ndaki Efkan Bekiro\u011flu kadroya kat\u0131ld\u0131.<br \/><\/p>\n","protected":false},"excerpt":{"rendered":"<p>Trendyol S\u00fcper Lig\u2019de sezonun ilk yar\u0131s\u0131n\u0131n en gen\u00e7 tak\u0131m\u0131 25,2 ya\u015f ortalamas\u0131yla G\u00f6ztepe oldu. Trendyol S\u00fcper Lig\u2019de 17 haftan\u0131n tamamlanmas\u0131n\u0131n ard\u0131ndan sezonun ilk yar\u0131s\u0131 tamamland\u0131. Ligin ilk yar\u0131s\u0131nda oynanan ma\u00e7larda tak\u0131mlar\u0131n ya\u015f ortalamas\u0131 da belli oldu. En gen\u00e7 tak\u0131m 25,2\u2019lik ya\u015f ortalamas\u0131yla G\u00f6ztepe oldu. Transfer politikas\u0131nda k\u00f6kl\u00fc bir de\u011fi\u015fime giden G\u00f6ztepe, gelece\u011fe yat\u0131r\u0131m yaparak gen\u00e7&#8230;<\/p>\n","protected":false},"author":1,"featured_media":77135,"comment_status":"open","ping_status":"open","sticky":false,"template":"","format":"standard","meta":{"_crdt_document":"","footnotes":""},"categories":[4],"tags":[],"class_list":["post-77134","post","type-post","status-publish","format-standard","has-post-thumbnail","hentry","category-spor"],"_links":{"self":[{"href":"https:\/\/www.egemtv.com\/index.php?rest_route=\/wp\/v2\/posts\/77134","targetHints":{"allow":["GET"]}}],"collection":[{"href":"https:\/\/www.egemtv.com\/index.php?rest_route=\/wp\/v2\/posts"}],"about":[{"href":"https:\/\/www.egemtv.com\/index.php?rest_route=\/wp\/v2\/types\/post"}],"author":[{"embeddable":true,"href":"https:\/\/www.egemtv.com\/index.php?rest_route=\/wp\/v2\/users\/1"}],"replies":[{"embeddable":true,"href":"https:\/\/www.egemtv.com\/index.php?rest_route=%2Fwp%2Fv2%2Fcomments&post=77134"}],"version-history":[{"count":1,"href":"https:\/\/www.egemtv.com\/index.php?rest_route=\/wp\/v2\/posts\/77134\/revisions"}],"predecessor-version":[{"id":77136,"href":"https:\/\/www.egemtv.com\/index.php?rest_route=\/wp\/v2\/posts\/77134\/revisions\/77136"}],"wp:featuredmedia":[{"embeddable":true,"href":"https:\/\/www.egemtv.com\/index.php?rest_route=\/wp\/v2\/media\/77135"}],"wp:attachment":[{"href":"https:\/\/www.egemtv.com\/index.php?rest_route=%2Fwp%2Fv2%2Fmedia&parent=77134"}],"wp:term":[{"taxonomy":"category","embeddable":true,"href":"https:\/\/www.egemtv.com\/index.php?rest_route=%2Fwp%2Fv2%2Fcategories&post=77134"},{"taxonomy":"post_tag","embeddable":true,"href":"https:\/\/www.egemtv.com\/index.php?rest_route=%2Fwp%2Fv2%2Ftags&post=77134"}],"curies":[{"name":"wp","href":"https:\/\/api.w.org\/{rel}","templated":true}]}}