{"id":77131,"date":"2025-12-28T13:14:58","date_gmt":"2025-12-28T10:14:58","guid":{"rendered":"https:\/\/www.egemtv.com\/?p=77131"},"modified":"2025-12-28T13:14:58","modified_gmt":"2025-12-28T10:14:58","slug":"kutahya-huzurevine-anlamli-ziyaret","status":"publish","type":"post","link":"https:\/\/www.egemtv.com\/?p=77131","title":{"rendered":"K\u00fctahya Huzurevine anlaml\u0131 ziyaret"},"content":{"rendered":"<p>K\u00fctahya Sa\u011fl\u0131k Bilimleri \u00dcniversitesi (KSB\u00dc) ile TOBB K\u00fctahya Kad\u0131n Giri\u015fimciler Kurulu i\u015f birli\u011finde, toplumsal dayan\u0131\u015fmay\u0131 ve nesiller aras\u0131 ba\u011f\u0131 g\u00fc\u00e7lendirmek amac\u0131yla K\u00fctahya Huzurevi Ya\u015fl\u0131 Bak\u0131m ve Rehabilitasyon Merkezi\u2019ne anlaml\u0131 bir ziyaret ger\u00e7ekle\u015ftirildi.<br \/>\n<br \/>Ziyarete, TOBB K\u00fctahya Kad\u0131n Giri\u015fimciler Kurulu \u0130cra Komitesi Ba\u015fkan\u0131 Sema G\u00fcral S\u00fcrmeli\u2019nin yan\u0131 s\u0131ra kurul \u00fcyeleri Aynur La\u00e7in G\u00fcrc\u00fc, Prof. Dr. Sultan G\u00fc\u00e7l\u00fc, G\u00fclnur Sara\u00e7 Be\u015fe, Ay\u015fe S\u00fcl\u00fcn Ziypak, M\u00fcjgan Tamel ve KUTSO Giri\u015fimcilik Ofisi Sorumlusu Tu\u011fba Kat\u0131rc\u0131 kat\u0131ld\u0131.<br \/>\n<br \/>Etkinlikte, Prof. Dr. Sultan G\u00fc\u00e7l\u00fc\u2019n\u00fcn y\u00fcr\u00fctt\u00fc\u011f\u00fc &#8220;G\u00f6n\u00fcll\u00fcl\u00fck \u00c7al\u0131\u015fmalar\u0131&#8221; dersi kapsam\u0131nda KSB\u00dc Sosyal Hizmet B\u00f6l\u00fcm\u00fc \u00f6\u011frencileri aktif rol ald\u0131. \u00d6\u011frenciler, g\u00f6n\u00fcll\u00fcl\u00fck bilinciyle huzurevi sakinleriyle birebir etkile\u015fim kurarak sosyal sorumluluk temelli uygulamal\u0131 bir deneyim ya\u015fad\u0131.<br \/>\n<br \/>TOBB K\u00fctahya Kad\u0131n Giri\u015fimciler Kurulu \u00fcyeleri ve Sosyal Hizmet B\u00f6l\u00fcm\u00fc \u00f6\u011frencilerinin kat\u0131l\u0131m\u0131yla d\u00fczenlenen etkinlikte; e\u011flenceli grup oyunlar\u0131 ile \u00d6\u011fr. Grv. Mehmet Sevim e\u015fli\u011finde ger\u00e7ekle\u015ftirilen ritim temelli \u00e7al\u0131\u015fmalarla ku\u015faklar aras\u0131 etkile\u015fim desteklendi. Program, huzurevi sakinlerinin y\u00fczlerinde tebess\u00fcm olu\u015ftururken, gen\u00e7lerin g\u00f6n\u00fcll\u00fcl\u00fck ve toplumsal duyarl\u0131l\u0131k becerilerinin geli\u015fmesine katk\u0131 sa\u011flad\u0131.<br \/><\/p>\n","protected":false},"excerpt":{"rendered":"<p>K\u00fctahya Sa\u011fl\u0131k Bilimleri \u00dcniversitesi (KSB\u00dc) ile TOBB K\u00fctahya Kad\u0131n Giri\u015fimciler Kurulu i\u015f birli\u011finde, toplumsal dayan\u0131\u015fmay\u0131 ve nesiller aras\u0131 ba\u011f\u0131 g\u00fc\u00e7lendirmek amac\u0131yla K\u00fctahya Huzurevi Ya\u015fl\u0131 Bak\u0131m ve Rehabilitasyon Merkezi\u2019ne anlaml\u0131 bir ziyaret ger\u00e7ekle\u015ftirildi. Ziyarete, TOBB K\u00fctahya Kad\u0131n Giri\u015fimciler Kurulu \u0130cra Komitesi Ba\u015fkan\u0131 Sema G\u00fcral S\u00fcrmeli\u2019nin yan\u0131 s\u0131ra kurul \u00fcyeleri Aynur La\u00e7in G\u00fcrc\u00fc, Prof. Dr. Sultan G\u00fc\u00e7l\u00fc,&#8230;<\/p>\n","protected":false},"author":1,"featured_media":77132,"comment_status":"open","ping_status":"open","sticky":false,"template":"","format":"standard","meta":{"_crdt_document":"","footnotes":""},"categories":[123],"tags":[],"class_list":["post-77131","post","type-post","status-publish","format-standard","has-post-thumbnail","hentry","category-gundem"],"_links":{"self":[{"href":"https:\/\/www.egemtv.com\/index.php?rest_route=\/wp\/v2\/posts\/77131","targetHints":{"allow":["GET"]}}],"collection":[{"href":"https:\/\/www.egemtv.com\/index.php?rest_route=\/wp\/v2\/posts"}],"about":[{"href":"https:\/\/www.egemtv.com\/index.php?rest_route=\/wp\/v2\/types\/post"}],"author":[{"embeddable":true,"href":"https:\/\/www.egemtv.com\/index.php?rest_route=\/wp\/v2\/users\/1"}],"replies":[{"embeddable":true,"href":"https:\/\/www.egemtv.com\/index.php?rest_route=%2Fwp%2Fv2%2Fcomments&post=77131"}],"version-history":[{"count":1,"href":"https:\/\/www.egemtv.com\/index.php?rest_route=\/wp\/v2\/posts\/77131\/revisions"}],"predecessor-version":[{"id":77133,"href":"https:\/\/www.egemtv.com\/index.php?rest_route=\/wp\/v2\/posts\/77131\/revisions\/77133"}],"wp:featuredmedia":[{"embeddable":true,"href":"https:\/\/www.egemtv.com\/index.php?rest_route=\/wp\/v2\/media\/77132"}],"wp:attachment":[{"href":"https:\/\/www.egemtv.com\/index.php?rest_route=%2Fwp%2Fv2%2Fmedia&parent=77131"}],"wp:term":[{"taxonomy":"category","embeddable":true,"href":"https:\/\/www.egemtv.com\/index.php?rest_route=%2Fwp%2Fv2%2Fcategories&post=77131"},{"taxonomy":"post_tag","embeddable":true,"href":"https:\/\/www.egemtv.com\/index.php?rest_route=%2Fwp%2Fv2%2Ftags&post=77131"}],"curies":[{"name":"wp","href":"https:\/\/api.w.org\/{rel}","templated":true}]}}