{"id":77128,"date":"2025-12-28T12:55:01","date_gmt":"2025-12-28T09:55:01","guid":{"rendered":"https:\/\/www.egemtv.com\/?p=77128"},"modified":"2025-12-28T12:55:02","modified_gmt":"2025-12-28T09:55:02","slug":"izmirde-yilbasi-gecesi-su-kesintisi-yapilmayacak","status":"publish","type":"post","link":"https:\/\/www.egemtv.com\/?p=77128","title":{"rendered":"\u0130zmir\u2019de y\u0131lba\u015f\u0131 gecesi su kesintisi yap\u0131lmayacak"},"content":{"rendered":"<p>\u0130zmir\u2019de kurakl\u0131k nedeniyle 13 il\u00e7ede her g\u00fcn uygulanan planl\u0131 su kesintilerine, y\u0131lba\u015f\u0131 gecesi i\u00e7in bir g\u00fcnl\u00fck ara verilecek.<br \/>\n<br \/>\u0130zmir Su ve Kanalizasyon \u0130daresi Genel M\u00fcd\u00fcrl\u00fc\u011f\u00fc (\u0130ZSU) taraf\u0131ndan yap\u0131lan a\u00e7\u0131klamaya g\u00f6re; Konak, Karaba\u011flar, \u00c7i\u011fli, Kar\u015f\u0131yaka, Bal\u00e7ova, Narl\u0131dere, G\u00fczelbah\u00e7e, Buca, Bayrakl\u0131, Bornova, Menemen, Gaziemir ve Menderes il\u00e7elerinde her g\u00fcn 23.00 ile 05.00 saatleri aras\u0131nda ger\u00e7ekle\u015ftirilen planl\u0131 kesintilerin, 31 Aral\u0131k gecesi uygulanmayaca\u011f\u0131 bildirildi. Kentte su tasarrufu amac\u0131yla 6 A\u011fustos tarihinde ba\u015flat\u0131lan uygulamada; ba\u015flang\u0131\u00e7ta 3 g\u00fcnde bir yap\u0131lan kesintiler, 9 Eyl\u00fcl\u2019den itibaren 2 g\u00fcnde bire, 10 Aral\u0131k\u2019tan itibaren ise her g\u00fcn uygulanacak \u015fekilde g\u00fcncellenmi\u015fti.<br \/><\/p>\n","protected":false},"excerpt":{"rendered":"<p>\u0130zmir\u2019de kurakl\u0131k nedeniyle 13 il\u00e7ede her g\u00fcn uygulanan planl\u0131 su kesintilerine, y\u0131lba\u015f\u0131 gecesi i\u00e7in bir g\u00fcnl\u00fck ara verilecek. \u0130zmir Su ve Kanalizasyon \u0130daresi Genel M\u00fcd\u00fcrl\u00fc\u011f\u00fc (\u0130ZSU) taraf\u0131ndan yap\u0131lan a\u00e7\u0131klamaya g\u00f6re; Konak, Karaba\u011flar, \u00c7i\u011fli, Kar\u015f\u0131yaka, Bal\u00e7ova, Narl\u0131dere, G\u00fczelbah\u00e7e, Buca, Bayrakl\u0131, Bornova, Menemen, Gaziemir ve Menderes il\u00e7elerinde her g\u00fcn 23.00 ile 05.00 saatleri aras\u0131nda ger\u00e7ekle\u015ftirilen planl\u0131 kesintilerin,&#8230;<\/p>\n","protected":false},"author":1,"featured_media":77129,"comment_status":"open","ping_status":"open","sticky":false,"template":"","format":"standard","meta":{"_crdt_document":"","footnotes":""},"categories":[1],"tags":[],"class_list":["post-77128","post","type-post","status-publish","format-standard","has-post-thumbnail","hentry","category-guncel"],"_links":{"self":[{"href":"https:\/\/www.egemtv.com\/index.php?rest_route=\/wp\/v2\/posts\/77128","targetHints":{"allow":["GET"]}}],"collection":[{"href":"https:\/\/www.egemtv.com\/index.php?rest_route=\/wp\/v2\/posts"}],"about":[{"href":"https:\/\/www.egemtv.com\/index.php?rest_route=\/wp\/v2\/types\/post"}],"author":[{"embeddable":true,"href":"https:\/\/www.egemtv.com\/index.php?rest_route=\/wp\/v2\/users\/1"}],"replies":[{"embeddable":true,"href":"https:\/\/www.egemtv.com\/index.php?rest_route=%2Fwp%2Fv2%2Fcomments&post=77128"}],"version-history":[{"count":1,"href":"https:\/\/www.egemtv.com\/index.php?rest_route=\/wp\/v2\/posts\/77128\/revisions"}],"predecessor-version":[{"id":77130,"href":"https:\/\/www.egemtv.com\/index.php?rest_route=\/wp\/v2\/posts\/77128\/revisions\/77130"}],"wp:featuredmedia":[{"embeddable":true,"href":"https:\/\/www.egemtv.com\/index.php?rest_route=\/wp\/v2\/media\/77129"}],"wp:attachment":[{"href":"https:\/\/www.egemtv.com\/index.php?rest_route=%2Fwp%2Fv2%2Fmedia&parent=77128"}],"wp:term":[{"taxonomy":"category","embeddable":true,"href":"https:\/\/www.egemtv.com\/index.php?rest_route=%2Fwp%2Fv2%2Fcategories&post=77128"},{"taxonomy":"post_tag","embeddable":true,"href":"https:\/\/www.egemtv.com\/index.php?rest_route=%2Fwp%2Fv2%2Ftags&post=77128"}],"curies":[{"name":"wp","href":"https:\/\/api.w.org\/{rel}","templated":true}]}}