{"id":77125,"date":"2025-12-28T12:34:51","date_gmt":"2025-12-28T09:34:51","guid":{"rendered":"https:\/\/www.egemtv.com\/?p=77125"},"modified":"2025-12-28T12:34:52","modified_gmt":"2025-12-28T09:34:52","slug":"nazillide-eski-kutuphane-binasinda-yangin","status":"publish","type":"post","link":"https:\/\/www.egemtv.com\/?p=77125","title":{"rendered":"Nazilli\u2019de eski k\u00fct\u00fcphane binas\u0131nda yang\u0131n"},"content":{"rendered":"<p>Ayd\u0131n\u2019\u0131n Nazilli il\u00e7esinde depreme dayan\u0131ks\u0131z oldu\u011fu gerek\u00e7esi ile y\u0131k\u0131m\u0131 ger\u00e7ekle\u015ftirilen K\u00fct\u00fcphane Binas\u0131\u2019nda yang\u0131n \u00e7\u0131kt\u0131.<\/p>\n<p>Edinilen bilgiye g\u00f6re, Alt\u0131nta\u015f Mahallesi T\u00fcrkoca\u011f\u0131 Caddesi\u2019nde depreme dayan\u0131ks\u0131z oldu\u011fu i\u00e7in y\u0131k\u0131m\u0131 yap\u0131lan eski K\u00fct\u00fcphane Binas\u0131\u2019nda meydana geldi. Edinilen bilgiye g\u00f6re, bina i\u00e7erisindeki kazan dairesinde s\u00f6k\u00fcm i\u015flemi s\u0131ras\u0131nda kesim yap\u0131l\u0131rken \u00e7\u0131kan k\u0131v\u0131lc\u0131m, tank i\u00e7inde kalan ya\u011flar\u0131 ve yak\u0131t\u0131 tutu\u015fturdu. Bir anda b\u00fcy\u00fcyen alevler ve etraf\u0131 saran duman sonras\u0131nda b\u00f6lgeye Ayd\u0131n B\u00fcy\u00fck\u015fehir \u0130tfaiye ve polis ekipleri sevk edildi. Olay yerine gelen itfaiye ekipleri yang\u0131na m\u00fcdahale etti. Nazilli\u2019de sabah saatlerinde korku dolu anlar\u0131n ya\u015fand\u0131\u011f\u0131 ve g\u00f6ky\u00fcz\u00fcn\u00fc kara dumanlar\u0131n kaplad\u0131\u011f\u0131 yang\u0131n b\u00f6lgesinde itfaiye ekiplerinin so\u011futma \u00e7al\u0131\u015fmalar\u0131n\u0131n devam etti\u011fi \u00f6\u011frenildi.<\/p>\n<p>Yang\u0131nla ilgili inceleme ba\u015flat\u0131ld\u0131.<br \/><\/p>\n","protected":false},"excerpt":{"rendered":"<p>Ayd\u0131n\u2019\u0131n Nazilli il\u00e7esinde depreme dayan\u0131ks\u0131z oldu\u011fu gerek\u00e7esi ile y\u0131k\u0131m\u0131 ger\u00e7ekle\u015ftirilen K\u00fct\u00fcphane Binas\u0131\u2019nda yang\u0131n \u00e7\u0131kt\u0131. Edinilen bilgiye g\u00f6re, Alt\u0131nta\u015f Mahallesi T\u00fcrkoca\u011f\u0131 Caddesi\u2019nde depreme dayan\u0131ks\u0131z oldu\u011fu i\u00e7in y\u0131k\u0131m\u0131 yap\u0131lan eski K\u00fct\u00fcphane Binas\u0131\u2019nda meydana geldi. Edinilen bilgiye g\u00f6re, bina i\u00e7erisindeki kazan dairesinde s\u00f6k\u00fcm i\u015flemi s\u0131ras\u0131nda kesim yap\u0131l\u0131rken \u00e7\u0131kan k\u0131v\u0131lc\u0131m, tank i\u00e7inde kalan ya\u011flar\u0131 ve yak\u0131t\u0131 tutu\u015fturdu. Bir anda&#8230;<\/p>\n","protected":false},"author":1,"featured_media":77126,"comment_status":"open","ping_status":"open","sticky":false,"template":"","format":"standard","meta":{"_crdt_document":"","footnotes":""},"categories":[5],"tags":[],"class_list":["post-77125","post","type-post","status-publish","format-standard","has-post-thumbnail","hentry","category-asayis"],"_links":{"self":[{"href":"https:\/\/www.egemtv.com\/index.php?rest_route=\/wp\/v2\/posts\/77125","targetHints":{"allow":["GET"]}}],"collection":[{"href":"https:\/\/www.egemtv.com\/index.php?rest_route=\/wp\/v2\/posts"}],"about":[{"href":"https:\/\/www.egemtv.com\/index.php?rest_route=\/wp\/v2\/types\/post"}],"author":[{"embeddable":true,"href":"https:\/\/www.egemtv.com\/index.php?rest_route=\/wp\/v2\/users\/1"}],"replies":[{"embeddable":true,"href":"https:\/\/www.egemtv.com\/index.php?rest_route=%2Fwp%2Fv2%2Fcomments&post=77125"}],"version-history":[{"count":1,"href":"https:\/\/www.egemtv.com\/index.php?rest_route=\/wp\/v2\/posts\/77125\/revisions"}],"predecessor-version":[{"id":77127,"href":"https:\/\/www.egemtv.com\/index.php?rest_route=\/wp\/v2\/posts\/77125\/revisions\/77127"}],"wp:featuredmedia":[{"embeddable":true,"href":"https:\/\/www.egemtv.com\/index.php?rest_route=\/wp\/v2\/media\/77126"}],"wp:attachment":[{"href":"https:\/\/www.egemtv.com\/index.php?rest_route=%2Fwp%2Fv2%2Fmedia&parent=77125"}],"wp:term":[{"taxonomy":"category","embeddable":true,"href":"https:\/\/www.egemtv.com\/index.php?rest_route=%2Fwp%2Fv2%2Fcategories&post=77125"},{"taxonomy":"post_tag","embeddable":true,"href":"https:\/\/www.egemtv.com\/index.php?rest_route=%2Fwp%2Fv2%2Ftags&post=77125"}],"curies":[{"name":"wp","href":"https:\/\/api.w.org\/{rel}","templated":true}]}}