{"id":77119,"date":"2025-12-28T12:14:51","date_gmt":"2025-12-28T09:14:51","guid":{"rendered":"https:\/\/www.egemtv.com\/?p=77119"},"modified":"2025-12-28T12:14:52","modified_gmt":"2025-12-28T09:14:52","slug":"milasta-mantar-ararken-kaybolan-70-yasindaki-adam-bulundu","status":"publish","type":"post","link":"https:\/\/www.egemtv.com\/?p=77119","title":{"rendered":"Milas\u2019ta mantar ararken kaybolan 70 ya\u015f\u0131ndaki adam bulundu"},"content":{"rendered":"<p>Mu\u011fla\u2019n\u0131n Milas il\u00e7esinde mantar toplamak i\u00e7in ormanl\u0131k alana giden ve bir daha kendisinden haber al\u0131namayan 70 ya\u015f\u0131ndaki Nahit Bahar ekipler taraf\u0131ndan bulundu.<br \/>\n<br \/>Edinilen bilgilere g\u00f6re, Nahit Bahar isimli \u015fah\u0131s arkada\u015f\u0131 Fettah Can ile birlikte Ceylan Ba\u011fdamlar\u0131 Mahallesi\u2019ndeki Karada\u011f mevkiine 27 Aral\u0131k Cumartesi g\u00fcn\u00fc mantar toplamaya gitti. \u0130ki arkada\u015f saat 15.00 s\u0131ralar\u0131nda ormanl\u0131k alanda birbirlerini kaybetti. Fettah Can mahalleye geri d\u00f6nerek durumu Bahar\u2019\u0131n yak\u0131nlar\u0131na bildirdi. Kendi \u00e7abalar\u0131 ile Bahar\u2019\u0131 arayan yak\u0131nlar\u0131 ve vatanda\u015flar sonuca ula\u015famay\u0131nca 112 Acil \u00c7a\u011fr\u0131 Merkezi\u2019ne yap\u0131lan ihbar \u00fczerine b\u00f6lgeye jandarma ve AFAD ekipleri sevk edildi. K\u0131sa s\u00fcrede b\u00f6lgeye ula\u015fan jandarma ekipleri \u00e7al\u0131\u015fma ba\u015flat\u0131rken, jandarman\u0131n talebi do\u011frultusunda AFAD taraf\u0131ndan 7 personel ve 2 ara\u00e7tan olu\u015fan ekip de olay yerine sevk edildi. AFAD ve jandarma ekiplerinin Karada\u011f mevkii ve \u00e7evresindeki ormanl\u0131k alanda arama kurtarma \u00e7al\u0131\u015fmalar\u0131n\u0131 s\u00fcrd\u00fcr\u00fcrken, Bahar ekipler taraf\u0131ndan sa\u011f bulundu.<br \/>\n<br \/>\u00d6te yandan Nahit Bahar\u2019\u0131n ge\u00e7ti\u011fimiz ay da benzer \u015fekilde kayboldu\u011fu ve ekiplerin \u00e7al\u0131\u015fmas\u0131 sonucu sa\u011f olarak bulundu\u011fu, alzaym\u0131r ba\u015flang\u0131c\u0131 oldu\u011fu bilgisine ula\u015f\u0131ld\u0131.<br \/><\/p>\n","protected":false},"excerpt":{"rendered":"<p>Mu\u011fla\u2019n\u0131n Milas il\u00e7esinde mantar toplamak i\u00e7in ormanl\u0131k alana giden ve bir daha kendisinden haber al\u0131namayan 70 ya\u015f\u0131ndaki Nahit Bahar ekipler taraf\u0131ndan bulundu. Edinilen bilgilere g\u00f6re, Nahit Bahar isimli \u015fah\u0131s arkada\u015f\u0131 Fettah Can ile birlikte Ceylan Ba\u011fdamlar\u0131 Mahallesi\u2019ndeki Karada\u011f mevkiine 27 Aral\u0131k Cumartesi g\u00fcn\u00fc mantar toplamaya gitti. \u0130ki arkada\u015f saat 15.00 s\u0131ralar\u0131nda ormanl\u0131k alanda birbirlerini kaybetti&#8230;.<\/p>\n","protected":false},"author":1,"featured_media":77120,"comment_status":"open","ping_status":"open","sticky":false,"template":"","format":"standard","meta":{"_crdt_document":"","footnotes":""},"categories":[5],"tags":[],"class_list":["post-77119","post","type-post","status-publish","format-standard","has-post-thumbnail","hentry","category-asayis"],"_links":{"self":[{"href":"https:\/\/www.egemtv.com\/index.php?rest_route=\/wp\/v2\/posts\/77119","targetHints":{"allow":["GET"]}}],"collection":[{"href":"https:\/\/www.egemtv.com\/index.php?rest_route=\/wp\/v2\/posts"}],"about":[{"href":"https:\/\/www.egemtv.com\/index.php?rest_route=\/wp\/v2\/types\/post"}],"author":[{"embeddable":true,"href":"https:\/\/www.egemtv.com\/index.php?rest_route=\/wp\/v2\/users\/1"}],"replies":[{"embeddable":true,"href":"https:\/\/www.egemtv.com\/index.php?rest_route=%2Fwp%2Fv2%2Fcomments&post=77119"}],"version-history":[{"count":1,"href":"https:\/\/www.egemtv.com\/index.php?rest_route=\/wp\/v2\/posts\/77119\/revisions"}],"predecessor-version":[{"id":77121,"href":"https:\/\/www.egemtv.com\/index.php?rest_route=\/wp\/v2\/posts\/77119\/revisions\/77121"}],"wp:featuredmedia":[{"embeddable":true,"href":"https:\/\/www.egemtv.com\/index.php?rest_route=\/wp\/v2\/media\/77120"}],"wp:attachment":[{"href":"https:\/\/www.egemtv.com\/index.php?rest_route=%2Fwp%2Fv2%2Fmedia&parent=77119"}],"wp:term":[{"taxonomy":"category","embeddable":true,"href":"https:\/\/www.egemtv.com\/index.php?rest_route=%2Fwp%2Fv2%2Fcategories&post=77119"},{"taxonomy":"post_tag","embeddable":true,"href":"https:\/\/www.egemtv.com\/index.php?rest_route=%2Fwp%2Fv2%2Ftags&post=77119"}],"curies":[{"name":"wp","href":"https:\/\/api.w.org\/{rel}","templated":true}]}}