{"id":77116,"date":"2025-12-28T11:54:38","date_gmt":"2025-12-28T08:54:38","guid":{"rendered":"https:\/\/www.egemtv.com\/?p=77116"},"modified":"2025-12-28T11:54:39","modified_gmt":"2025-12-28T08:54:39","slug":"kirkagacta-kuyuya-dusen-kopek-itfaiye-ekiplerince-kurtarildi","status":"publish","type":"post","link":"https:\/\/www.egemtv.com\/?p=77116","title":{"rendered":"K\u0131rka\u011fa\u00e7\u2019ta kuyuya d\u00fc\u015fen k\u00f6pek itfaiye ekiplerince kurtar\u0131ld\u0131"},"content":{"rendered":"<p>Manisa\u2019n\u0131n K\u0131rka\u011fa\u00e7 il\u00e7esinde yakla\u015f\u0131k 5 metre derinli\u011findeki su kuyusuna d\u00fc\u015fen k\u00f6pek, itfaiye ekiplerinin zaman\u0131nda m\u00fcdahalesiyle kurtar\u0131ld\u0131.<br \/>\n<br \/>Olay, K\u0131rka\u011fa\u00e7 il\u00e7esi \u015eair E\u015fref Mahallesi 154 Sokak\u2019ta meydana geldi. Edinilen bilgiye g\u00f6re, bir k\u00f6pe\u011fin yakla\u015f\u0131k 5 metre derinli\u011findeki su kuyusuna d\u00fc\u015ft\u00fc\u011f\u00fcn\u00fc fark eden vatanda\u015flar, durumu itfaiye ekiplerine bildirdi. \u0130hbar \u00fczerine b\u00f6lgeye Manisa B\u00fcy\u00fck\u015fehir Belediyesi \u0130tfaiyesi K\u0131rka\u011fa\u00e7 Amirli\u011fi ekipleri sevk edildi. K\u0131sa s\u00fcrede olay yerine ula\u015fan ekipler, merdiven yard\u0131m\u0131yla kuyuya inerek mahsur kalan hayvan\u0131 bulundu\u011fu yerden g\u00fcvenli bir \u015fekilde \u00e7\u0131kard\u0131.<br \/>\n<br \/>Kurtar\u0131lmas\u0131n\u0131n ard\u0131ndan sa\u011fl\u0131k kontrolleri yap\u0131lan k\u00f6pe\u011fin herhangi bir yaras\u0131n\u0131n olmad\u0131\u011f\u0131 tespit edildi. Talihsiz k\u00f6pek, ekipler taraf\u0131ndan tekrar do\u011fal ortam\u0131na sal\u0131nd\u0131.<br \/><\/p>\n","protected":false},"excerpt":{"rendered":"<p>Manisa\u2019n\u0131n K\u0131rka\u011fa\u00e7 il\u00e7esinde yakla\u015f\u0131k 5 metre derinli\u011findeki su kuyusuna d\u00fc\u015fen k\u00f6pek, itfaiye ekiplerinin zaman\u0131nda m\u00fcdahalesiyle kurtar\u0131ld\u0131. Olay, K\u0131rka\u011fa\u00e7 il\u00e7esi \u015eair E\u015fref Mahallesi 154 Sokak\u2019ta meydana geldi. Edinilen bilgiye g\u00f6re, bir k\u00f6pe\u011fin yakla\u015f\u0131k 5 metre derinli\u011findeki su kuyusuna d\u00fc\u015ft\u00fc\u011f\u00fcn\u00fc fark eden vatanda\u015flar, durumu itfaiye ekiplerine bildirdi. \u0130hbar \u00fczerine b\u00f6lgeye Manisa B\u00fcy\u00fck\u015fehir Belediyesi \u0130tfaiyesi K\u0131rka\u011fa\u00e7 Amirli\u011fi ekipleri&#8230;<\/p>\n","protected":false},"author":1,"featured_media":77117,"comment_status":"open","ping_status":"open","sticky":false,"template":"","format":"standard","meta":{"_crdt_document":"","footnotes":""},"categories":[5],"tags":[],"class_list":["post-77116","post","type-post","status-publish","format-standard","has-post-thumbnail","hentry","category-asayis"],"_links":{"self":[{"href":"https:\/\/www.egemtv.com\/index.php?rest_route=\/wp\/v2\/posts\/77116","targetHints":{"allow":["GET"]}}],"collection":[{"href":"https:\/\/www.egemtv.com\/index.php?rest_route=\/wp\/v2\/posts"}],"about":[{"href":"https:\/\/www.egemtv.com\/index.php?rest_route=\/wp\/v2\/types\/post"}],"author":[{"embeddable":true,"href":"https:\/\/www.egemtv.com\/index.php?rest_route=\/wp\/v2\/users\/1"}],"replies":[{"embeddable":true,"href":"https:\/\/www.egemtv.com\/index.php?rest_route=%2Fwp%2Fv2%2Fcomments&post=77116"}],"version-history":[{"count":1,"href":"https:\/\/www.egemtv.com\/index.php?rest_route=\/wp\/v2\/posts\/77116\/revisions"}],"predecessor-version":[{"id":77118,"href":"https:\/\/www.egemtv.com\/index.php?rest_route=\/wp\/v2\/posts\/77116\/revisions\/77118"}],"wp:featuredmedia":[{"embeddable":true,"href":"https:\/\/www.egemtv.com\/index.php?rest_route=\/wp\/v2\/media\/77117"}],"wp:attachment":[{"href":"https:\/\/www.egemtv.com\/index.php?rest_route=%2Fwp%2Fv2%2Fmedia&parent=77116"}],"wp:term":[{"taxonomy":"category","embeddable":true,"href":"https:\/\/www.egemtv.com\/index.php?rest_route=%2Fwp%2Fv2%2Fcategories&post=77116"},{"taxonomy":"post_tag","embeddable":true,"href":"https:\/\/www.egemtv.com\/index.php?rest_route=%2Fwp%2Fv2%2Ftags&post=77116"}],"curies":[{"name":"wp","href":"https:\/\/api.w.org\/{rel}","templated":true}]}}