{"id":77113,"date":"2025-12-28T11:14:44","date_gmt":"2025-12-28T08:14:44","guid":{"rendered":"https:\/\/www.egemtv.com\/?p=77113"},"modified":"2025-12-28T11:14:45","modified_gmt":"2025-12-28T08:14:45","slug":"izmir-ulasimina-yilbasi-duzenlemesi","status":"publish","type":"post","link":"https:\/\/www.egemtv.com\/?p=77113","title":{"rendered":"\u0130zmir ula\u015f\u0131m\u0131na y\u0131lba\u015f\u0131 d\u00fczenlemesi"},"content":{"rendered":"<p>\u0130zmir B\u00fcy\u00fck\u015fehir Belediyesi\u2019ne ba\u011fl\u0131 toplu ula\u015f\u0131m kurum ve kurulu\u015flar\u0131, y\u0131lba\u015f\u0131 gecesine \u00f6zel sefer d\u00fczenlemesi yapt\u0131. ESHOT, \u0130ZULA\u015e, \u0130ZDEN\u0130Z, metro ve tramvay i\u015fletmeleri 31 Aral\u0131k gecesi sefer saatlerini uzatt\u0131. Ayr\u0131ca B\u00fcy\u00fck\u015fehir-TCDD ortakl\u0131\u011f\u0131yla i\u015fletilen \u0130ZBAN da ek seferlerle hizmet verecek. 1 Ocak\u2019ta \u0130ZBAN \u00fccretsiz olacak.<br \/>\n<br \/>\u0130zmir B\u00fcy\u00fck\u015fehir Belediyesi \u0130zmirlilerin y\u0131lba\u015f\u0131 gecesi ula\u015f\u0131m sorunu ya\u015famamas\u0131 i\u00e7in gerekli haz\u0131rl\u0131k ve d\u00fczenlemeleri yapt\u0131. ESHOT Genel M\u00fcd\u00fcrl\u00fc\u011f\u00fc, 31 Aral\u0131k ak\u015fam\u0131, aktarma merkezleriyle ba\u011flant\u0131l\u0131 \u00e7al\u0131\u015fan ve ana arterlerde sefer yapan 64 hatta son sefer saatlerini uzatt\u0131. Son sefer saatleri, hatlar\u0131n yolcu durumuna g\u00f6re saat 01.00 ile 02.05 saatlerine kadar uzat\u0131ld\u0131. Ayr\u0131ca 00.00 ile 06.00 saatleri aras\u0131 \u00e7al\u0131\u015fan 910 numaral\u0131 Gaziemir-Konak, 920 numaral\u0131 \u00c7i\u011fli-Konak, 930 numaral\u0131 Bornova-Konak, 940 numaral\u0131 Buca-Konak, 950 numaral\u0131 Narl\u0131dere-Konak Bayku\u015f seferleri de 30 dakikada bir Konak Bahribaba otob\u00fcs peronlar\u0131ndan servis yapacak. Resmi tatil olan 1 Ocak 2026\u2019da ise pazar g\u00fcn\u00fc sefer tarifesi uygulanacak. Y\u0131lba\u015f\u0131 gecesi sefer saatleri uzat\u0131lan hatlara ve sefer programlar\u0131na, ESHOT mobil uygulamas\u0131ndan ve www.eshot.gov.tr adresinden ula\u015f\u0131labilir.<\/p>\n<p>Metro ve tramvayda sabaha kadar sefer var<br \/>\n<br \/>\u0130zmir Metrosu ile Konak ve Kar\u015f\u0131yaka tramvaylar\u0131 da y\u0131lba\u015f\u0131 gecesi sabaha kadar hizmet verecek. Metroda 31 Aral\u0131k 2025 \u00c7ar\u015famba gecesi 00.20-01.00 saatleri aras\u0131nda 20 dakikada bir; 01.00-05.00 saatleri aras\u0131nda 60 dakikada bir sefer yap\u0131lacak. Konak tramvay\u0131nda; 22.30-00.50 saatleri aras\u0131nda 12,5 dakikada bir; 00.50-01.20 saatleri aras\u0131nda 15 dakikada bir; 01.20-02.00 saatleri aras\u0131nda 20 dakikada bir; 02.00-03.00 saatleri aras\u0131nda 30 dakikada bir, 03.00-05.00 saatleri aras\u0131nda ise 60 dakikada bir sefer olacak. Kar\u015f\u0131yaka tramvay\u0131 ise 00.20-05.20 saatleri aras\u0131nda 60 dakikada bir \u00e7al\u0131\u015facak.<\/p>\n<p>Deniz ula\u015f\u0131m\u0131 gece de devam edecek<br \/>\n<br \/>\u0130ZDEN\u0130Z gemileri, 31 Aral\u0131k 2025 \u00c7ar\u015famba g\u00fcn\u00fc hafta i\u00e7i tarifesi ile \u00e7al\u0131\u015facak. 2025\u2019in son g\u00fcn\u00fcn\u00fc 1 Ocak 2026\u2019ya ba\u011flayan gece ek seferler d\u00fczenlenecek. Bu seferlerde, Bayku\u015f seferleri \u00fccret tarifesi ge\u00e7erli olacak. 00.45\u2019te Kar\u015f\u0131yaka\u2019dan, 01.05\u2019te Alsancak\u2019tan kalkacak seferler, birer saat arayla Kar\u015f\u0131yaka\u2019dan 04.45 ve Alsancak\u2019tan 05.05\u2019e kadar devam edecek. Gemiler, 1 Ocak 2026 Per\u015fembe g\u00fcn\u00fc ise hafta sonu tarifesine g\u00f6re \u00e7al\u0131\u015facak. 1 Ocak\u2019ta feribot seferleri kar\u015f\u0131l\u0131kl\u0131 olarak 11.00\u2019de ba\u015flayacak. Yolcu gemilerinin ilk sefer saati ise 07.20 olacak. \u0130ZDEN\u0130Z Genel M\u00fcd\u00fcrl\u00fc\u011f\u00fc, yolcu yo\u011funlu\u011funu kar\u015f\u0131lamak i\u00e7in yedek gemileri de haz\u0131r bekletecek.<\/p>\n<p>\u0130ZBAN da ilave seferler yapacak<br \/>\n<br \/>\u0130zmir B\u00fcy\u00fck\u015fehir Belediyesi ve TCDD ortakl\u0131\u011f\u0131yla i\u015fletilen \u0130ZBAN\u2019da da y\u0131lba\u015f\u0131 gecesine \u00f6zel ilave seferler yap\u0131lacak. 31 Aral\u0131k\u2019\u0131 1 Ocak\u2019a ba\u011flayan saatlerde, 6 ek sefer yap\u0131lacak. 02.15\u2019te Alia\u011fa-Tepek\u00f6y, 02.26\u2019da Tepek\u00f6y-Alia\u011fa, 02.30\u2019da Alsancak-Menemen, 02.30\u2019da Alsancak-Cumaovas\u0131, 03.36\u2019da Menemen-Alsancak, 03.56\u2019da ise Cumaovas\u0131-Alsancak seferleri olacak. \u0130ZBAN ayr\u0131ca 1 Ocak\u2019ta Cumhurba\u015fkanl\u0131\u011f\u0131 Kararnamesi kapsam\u0131nda \u00fccretsiz hizmet verecek.<br \/>\n<br \/>T\u00fcm ula\u015f\u0131m modlar\u0131nda ayr\u0131nt\u0131l\u0131 hat ve sefer programlar\u0131; kurumlar\u0131n resmi internet sitelerinden, sosyal medya hesaplar\u0131ndan ve mobil uygulamalar\u0131ndan g\u00f6r\u00fclebilir.<br \/><\/p>\n","protected":false},"excerpt":{"rendered":"<p>\u0130zmir B\u00fcy\u00fck\u015fehir Belediyesi\u2019ne ba\u011fl\u0131 toplu ula\u015f\u0131m kurum ve kurulu\u015flar\u0131, y\u0131lba\u015f\u0131 gecesine \u00f6zel sefer d\u00fczenlemesi yapt\u0131. ESHOT, \u0130ZULA\u015e, \u0130ZDEN\u0130Z, metro ve tramvay i\u015fletmeleri 31 Aral\u0131k gecesi sefer saatlerini uzatt\u0131. Ayr\u0131ca B\u00fcy\u00fck\u015fehir-TCDD ortakl\u0131\u011f\u0131yla i\u015fletilen \u0130ZBAN da ek seferlerle hizmet verecek. 1 Ocak\u2019ta \u0130ZBAN \u00fccretsiz olacak. \u0130zmir B\u00fcy\u00fck\u015fehir Belediyesi \u0130zmirlilerin y\u0131lba\u015f\u0131 gecesi ula\u015f\u0131m sorunu ya\u015famamas\u0131 i\u00e7in gerekli haz\u0131rl\u0131k&#8230;<\/p>\n","protected":false},"author":1,"featured_media":77114,"comment_status":"open","ping_status":"open","sticky":false,"template":"","format":"standard","meta":{"_crdt_document":"","footnotes":""},"categories":[1],"tags":[],"class_list":["post-77113","post","type-post","status-publish","format-standard","has-post-thumbnail","hentry","category-guncel"],"_links":{"self":[{"href":"https:\/\/www.egemtv.com\/index.php?rest_route=\/wp\/v2\/posts\/77113","targetHints":{"allow":["GET"]}}],"collection":[{"href":"https:\/\/www.egemtv.com\/index.php?rest_route=\/wp\/v2\/posts"}],"about":[{"href":"https:\/\/www.egemtv.com\/index.php?rest_route=\/wp\/v2\/types\/post"}],"author":[{"embeddable":true,"href":"https:\/\/www.egemtv.com\/index.php?rest_route=\/wp\/v2\/users\/1"}],"replies":[{"embeddable":true,"href":"https:\/\/www.egemtv.com\/index.php?rest_route=%2Fwp%2Fv2%2Fcomments&post=77113"}],"version-history":[{"count":1,"href":"https:\/\/www.egemtv.com\/index.php?rest_route=\/wp\/v2\/posts\/77113\/revisions"}],"predecessor-version":[{"id":77115,"href":"https:\/\/www.egemtv.com\/index.php?rest_route=\/wp\/v2\/posts\/77113\/revisions\/77115"}],"wp:featuredmedia":[{"embeddable":true,"href":"https:\/\/www.egemtv.com\/index.php?rest_route=\/wp\/v2\/media\/77114"}],"wp:attachment":[{"href":"https:\/\/www.egemtv.com\/index.php?rest_route=%2Fwp%2Fv2%2Fmedia&parent=77113"}],"wp:term":[{"taxonomy":"category","embeddable":true,"href":"https:\/\/www.egemtv.com\/index.php?rest_route=%2Fwp%2Fv2%2Fcategories&post=77113"},{"taxonomy":"post_tag","embeddable":true,"href":"https:\/\/www.egemtv.com\/index.php?rest_route=%2Fwp%2Fv2%2Ftags&post=77113"}],"curies":[{"name":"wp","href":"https:\/\/api.w.org\/{rel}","templated":true}]}}