{"id":77110,"date":"2025-12-28T10:55:53","date_gmt":"2025-12-28T07:55:53","guid":{"rendered":"https:\/\/www.egemtv.com\/?p=77110"},"modified":"2025-12-28T10:55:54","modified_gmt":"2025-12-28T07:55:54","slug":"karsiyakadan-ferdi-burgaza-anlamli-veda","status":"publish","type":"post","link":"https:\/\/www.egemtv.com\/?p=77110","title":{"rendered":"Kar\u015f\u0131yaka\u2019dan Ferdi Burgaz\u2019a anlaml\u0131 veda"},"content":{"rendered":"<p>Kar\u015f\u0131yaka, Mu\u015fspor\u2019a transfer olan Ferdi Burgaz\u2019a Sel\u00e7uk Ya\u015far Spor Tesisleri\u2019nde veda t\u00f6reni d\u00fczenledi.<br \/>\n<br \/>TFF 3. Lig 4. Grup ekiplerinden Kar\u015f\u0131yaka\u2019da k\u0131\u015f transfer d\u00f6neminde dikkat \u00e7eken bir ayr\u0131l\u0131k ya\u015fand\u0131. Ye\u015fil-k\u0131rm\u0131z\u0131l\u0131 kul\u00fcb\u00fcn altyap\u0131s\u0131ndan yeti\u015fen ve uzun y\u0131llar formay\u0131 ba\u015far\u0131yla terleten 22 ya\u015f\u0131ndaki sol bek Ferdi Burgaz, ge\u00e7ti\u011fimiz g\u00fcnlerde 4 milyon TL bonservis bedeliyle 2. Lig ekibi Mu\u015fspor\u2019a transfer oldu.<br \/>\n<br \/>Bu transferin ard\u0131ndan \u0130zmir temsilcisi, gen\u00e7 oyuncu i\u00e7in bir veda t\u00f6reni d\u00fczenledi. Kar\u015f\u0131yaka formas\u0131yla 81 profesyonel ma\u00e7a \u00e7\u0131kan Ferdi Burgaz\u2019a, 81 numaral\u0131 forma ile kul\u00fcp ad\u0131na haz\u0131rlanan plaket takdim edildi. Ye\u015fil-k\u0131rm\u0131z\u0131l\u0131 kul\u00fcp, t\u00f6ren sonras\u0131 sosyal medya hesab\u0131ndan yapt\u0131\u011f\u0131 payla\u015f\u0131mda, &#8220;Kar\u015f\u0131yaka\u2019ya verdi\u011fin emek, sahaya koydu\u011fun m\u00fccadele ve bu camiaya duydu\u011fun aidiyet i\u00e7in te\u015fekk\u00fcrler Ferdi Burgaz. Yolun a\u00e7\u0131k olsun, ba\u015far\u0131lar\u0131n daim olsun&#8221; ifadeleri kullan\u0131ld\u0131.<br \/><\/p>\n","protected":false},"excerpt":{"rendered":"<p>Kar\u015f\u0131yaka, Mu\u015fspor\u2019a transfer olan Ferdi Burgaz\u2019a Sel\u00e7uk Ya\u015far Spor Tesisleri\u2019nde veda t\u00f6reni d\u00fczenledi. TFF 3. Lig 4. Grup ekiplerinden Kar\u015f\u0131yaka\u2019da k\u0131\u015f transfer d\u00f6neminde dikkat \u00e7eken bir ayr\u0131l\u0131k ya\u015fand\u0131. Ye\u015fil-k\u0131rm\u0131z\u0131l\u0131 kul\u00fcb\u00fcn altyap\u0131s\u0131ndan yeti\u015fen ve uzun y\u0131llar formay\u0131 ba\u015far\u0131yla terleten 22 ya\u015f\u0131ndaki sol bek Ferdi Burgaz, ge\u00e7ti\u011fimiz g\u00fcnlerde 4 milyon TL bonservis bedeliyle 2. Lig ekibi Mu\u015fspor\u2019a&#8230;<\/p>\n","protected":false},"author":1,"featured_media":77111,"comment_status":"open","ping_status":"open","sticky":false,"template":"","format":"standard","meta":{"_crdt_document":"","footnotes":""},"categories":[4],"tags":[],"class_list":["post-77110","post","type-post","status-publish","format-standard","has-post-thumbnail","hentry","category-spor"],"_links":{"self":[{"href":"https:\/\/www.egemtv.com\/index.php?rest_route=\/wp\/v2\/posts\/77110","targetHints":{"allow":["GET"]}}],"collection":[{"href":"https:\/\/www.egemtv.com\/index.php?rest_route=\/wp\/v2\/posts"}],"about":[{"href":"https:\/\/www.egemtv.com\/index.php?rest_route=\/wp\/v2\/types\/post"}],"author":[{"embeddable":true,"href":"https:\/\/www.egemtv.com\/index.php?rest_route=\/wp\/v2\/users\/1"}],"replies":[{"embeddable":true,"href":"https:\/\/www.egemtv.com\/index.php?rest_route=%2Fwp%2Fv2%2Fcomments&post=77110"}],"version-history":[{"count":1,"href":"https:\/\/www.egemtv.com\/index.php?rest_route=\/wp\/v2\/posts\/77110\/revisions"}],"predecessor-version":[{"id":77112,"href":"https:\/\/www.egemtv.com\/index.php?rest_route=\/wp\/v2\/posts\/77110\/revisions\/77112"}],"wp:featuredmedia":[{"embeddable":true,"href":"https:\/\/www.egemtv.com\/index.php?rest_route=\/wp\/v2\/media\/77111"}],"wp:attachment":[{"href":"https:\/\/www.egemtv.com\/index.php?rest_route=%2Fwp%2Fv2%2Fmedia&parent=77110"}],"wp:term":[{"taxonomy":"category","embeddable":true,"href":"https:\/\/www.egemtv.com\/index.php?rest_route=%2Fwp%2Fv2%2Fcategories&post=77110"},{"taxonomy":"post_tag","embeddable":true,"href":"https:\/\/www.egemtv.com\/index.php?rest_route=%2Fwp%2Fv2%2Ftags&post=77110"}],"curies":[{"name":"wp","href":"https:\/\/api.w.org\/{rel}","templated":true}]}}