{"id":77107,"date":"2025-12-28T10:55:53","date_gmt":"2025-12-28T07:55:53","guid":{"rendered":"https:\/\/www.egemtv.com\/?p=77107"},"modified":"2025-12-28T10:55:53","modified_gmt":"2025-12-28T07:55:53","slug":"nazillide-yesil-adimlar-projesi-kapsaminda-nesli-tukenen-hayvanlara-dikkat-cekildi","status":"publish","type":"post","link":"https:\/\/www.egemtv.com\/?p=77107","title":{"rendered":"Nazilli\u2019de \u2019Ye\u015fil Ad\u0131mlar Projesi\u2019 kapsam\u0131nda nesli t\u00fckenen hayvanlara dikkat \u00e7ekildi"},"content":{"rendered":"<p>Nazilli \u0130l\u00e7e Milli E\u011fitim M\u00fcd\u00fcrl\u00fc\u011f\u00fc taraf\u0131ndan y\u00fcr\u00fct\u00fclen \u2019Ye\u015fil Ad\u0131mlar Projesi\u2019 kapsam\u0131nda, Recep Bey \u0130lkokulu\u2019nda nesli t\u00fckenen ve t\u00fckenme tehlikesi alt\u0131nda bulunan hayvanlar temal\u0131 fark\u0131ndal\u0131k etkinli\u011fi d\u00fczenlendi.<\/p>\n<p>Programa Nazilli \u0130l\u00e7e Milli E\u011fitim M\u00fcd\u00fcr\u00fc \u0130smail \u015eim\u015fek ba\u015fta olmak \u00fczere \u00e7ok say\u0131da \u00f6\u011frenci, \u00f6\u011fretmen ve okul idarecisi kat\u0131l\u0131m sa\u011flad\u0131. Etkinlik \u00f6\u011frenciler taraf\u0131ndan sergilenen halk oyunlar\u0131 g\u00f6sterisiyle ba\u015flad\u0131. G\u00f6sterinin ard\u0131ndan Orman Dairesi yetkilileri taraf\u0131ndan \u00f6\u011frencilere, nesli t\u00fckenen ve t\u00fckenme riski alt\u0131nda bulunan hayvan t\u00fcrleri hakk\u0131nda bilgilendirme yap\u0131ld\u0131. Etkinlik sonunda \u00f6\u011frenciler taraf\u0131ndan haz\u0131rlanan, nesli t\u00fckenen ve t\u00fckenmekte olan hayvanlar\u0131 konu alan sergi kat\u0131l\u0131mc\u0131lar\u0131n ziyaretine a\u00e7\u0131ld\u0131. \u00d6\u011frencilerin emekleriyle haz\u0131rlanan sergi b\u00fcy\u00fck ilgi g\u00f6r\u00fcrken, do\u011fa ve \u00e7evre bilincinin k\u00fc\u00e7\u00fck ya\u015flarda kazand\u0131r\u0131lmas\u0131n\u0131n \u00f6nemine dikkat \u00e7ekildi. Nazilli \u0130l\u00e7e Milli E\u011fitim M\u00fcd\u00fcr\u00fc \u015eim\u015fek, bu anlaml\u0131 fark\u0131ndal\u0131k \u00e7al\u0131\u015fmas\u0131nda eme\u011fi ge\u00e7en \u00f6\u011frencilere, \u00f6\u011fretmenlere ve okul idarecilerine te\u015fekk\u00fcr ederek, benzer projelerin devam edece\u011fini belirtti.<br \/><\/p>\n","protected":false},"excerpt":{"rendered":"<p>Nazilli \u0130l\u00e7e Milli E\u011fitim M\u00fcd\u00fcrl\u00fc\u011f\u00fc taraf\u0131ndan y\u00fcr\u00fct\u00fclen \u2019Ye\u015fil Ad\u0131mlar Projesi\u2019 kapsam\u0131nda, Recep Bey \u0130lkokulu\u2019nda nesli t\u00fckenen ve t\u00fckenme tehlikesi alt\u0131nda bulunan hayvanlar temal\u0131 fark\u0131ndal\u0131k etkinli\u011fi d\u00fczenlendi. Programa Nazilli \u0130l\u00e7e Milli E\u011fitim M\u00fcd\u00fcr\u00fc \u0130smail \u015eim\u015fek ba\u015fta olmak \u00fczere \u00e7ok say\u0131da \u00f6\u011frenci, \u00f6\u011fretmen ve okul idarecisi kat\u0131l\u0131m sa\u011flad\u0131. Etkinlik \u00f6\u011frenciler taraf\u0131ndan sergilenen halk oyunlar\u0131 g\u00f6sterisiyle ba\u015flad\u0131. G\u00f6sterinin&#8230;<\/p>\n","protected":false},"author":1,"featured_media":77108,"comment_status":"open","ping_status":"open","sticky":false,"template":"","format":"standard","meta":{"_crdt_document":"","footnotes":""},"categories":[1],"tags":[],"class_list":["post-77107","post","type-post","status-publish","format-standard","has-post-thumbnail","hentry","category-guncel"],"_links":{"self":[{"href":"https:\/\/www.egemtv.com\/index.php?rest_route=\/wp\/v2\/posts\/77107","targetHints":{"allow":["GET"]}}],"collection":[{"href":"https:\/\/www.egemtv.com\/index.php?rest_route=\/wp\/v2\/posts"}],"about":[{"href":"https:\/\/www.egemtv.com\/index.php?rest_route=\/wp\/v2\/types\/post"}],"author":[{"embeddable":true,"href":"https:\/\/www.egemtv.com\/index.php?rest_route=\/wp\/v2\/users\/1"}],"replies":[{"embeddable":true,"href":"https:\/\/www.egemtv.com\/index.php?rest_route=%2Fwp%2Fv2%2Fcomments&post=77107"}],"version-history":[{"count":1,"href":"https:\/\/www.egemtv.com\/index.php?rest_route=\/wp\/v2\/posts\/77107\/revisions"}],"predecessor-version":[{"id":77109,"href":"https:\/\/www.egemtv.com\/index.php?rest_route=\/wp\/v2\/posts\/77107\/revisions\/77109"}],"wp:featuredmedia":[{"embeddable":true,"href":"https:\/\/www.egemtv.com\/index.php?rest_route=\/wp\/v2\/media\/77108"}],"wp:attachment":[{"href":"https:\/\/www.egemtv.com\/index.php?rest_route=%2Fwp%2Fv2%2Fmedia&parent=77107"}],"wp:term":[{"taxonomy":"category","embeddable":true,"href":"https:\/\/www.egemtv.com\/index.php?rest_route=%2Fwp%2Fv2%2Fcategories&post=77107"},{"taxonomy":"post_tag","embeddable":true,"href":"https:\/\/www.egemtv.com\/index.php?rest_route=%2Fwp%2Fv2%2Ftags&post=77107"}],"curies":[{"name":"wp","href":"https:\/\/api.w.org\/{rel}","templated":true}]}}