{"id":77104,"date":"2025-12-28T10:55:52","date_gmt":"2025-12-28T07:55:52","guid":{"rendered":"https:\/\/www.egemtv.com\/?p=77104"},"modified":"2025-12-28T10:55:52","modified_gmt":"2025-12-28T07:55:52","slug":"egitimciler-dijital-deneyim-merkezi-icin-bulustu","status":"publish","type":"post","link":"https:\/\/www.egemtv.com\/?p=77104","title":{"rendered":"E\u011fitimciler &#8220;Dijital Deneyim Merkezi&#8221; i\u00e7in bulu\u015ftu"},"content":{"rendered":"<p>Elde etti\u011fi gelirle dar gelirli ailelerin \u00e7ocuklar\u0131na teknoloji e\u011fitimi veren Dijital Deneyim Merkezi, 2026\u2019da daha fazla \u00e7ocu\u011fa ula\u015fmak i\u00e7in \u0130zmir\u2019in \u00f6nde gelen e\u011fitim kurumlar\u0131n\u0131 a\u011f\u0131rlad\u0131. Tan\u0131t\u0131m sonras\u0131 \u00f6\u011frencilerini merkeze getirecek \u00f6zel okullar, \u00f6deyecekleri bedelle teknolojiye eri\u015fimi olmayan \u00e7ocuklar\u0131n e\u011fitimine katk\u0131 sa\u011flayan bir sosyal sorumluluk projesine dahil olacak.<br \/>\n<br \/>\u0130zQ Giri\u015fimcilik ve \u0130novasyon Merkezi b\u00fcnyesinde faaliyet g\u00f6steren Dijital Deneyim Merkezi\u2019ni, \u0130zmir\u2019de e\u011fitim sekt\u00f6r\u00fcnde hizmet veren kurumlara tan\u0131tmak amac\u0131yla d\u00fczenlenen toplant\u0131, \u0130zmir Ticaret Odas\u0131 ve \u0130zQ Giri\u015fimcilik ve \u0130novasyon Merkezi Y\u00f6netim Kurulu Ba\u015fkan\u0131 Mahmut \u00d6zgener ile Kentimiz \u0130zmir Derne\u011fi Y\u00f6netim Kurulu Ba\u015fkan\u0131 U\u011fur Y\u00fcce\u2019nin a\u00e7\u0131l\u0131\u015f konu\u015fmalar\u0131yla ba\u015flad\u0131. Gelecek nesilleri en iyi \u015fekilde yeti\u015ftirme hedefiyle \u00e7al\u0131\u015fmalar\u0131n\u0131 s\u00fcrd\u00fcren e\u011fitimcilerle, \u0130zQ Giri\u015fimcilik ve \u0130novasyon Merkezimizi \u00e7at\u0131s\u0131 alt\u0131nda bir arada olmaktan memnuniyet duydu\u011funu belirten \u00d6zgener, &#8220;Dijitalle\u015fme, art\u0131k sadece teknolojik bir d\u00f6n\u00fc\u015f\u00fcm de\u011fil; ayn\u0131 zamanda k\u00fcresel g\u00fc\u00e7 m\u00fccadelesinin merkezinde yer alan stratejik bir rekabet alan\u0131. \u00dclkemizin dijital ekonomideki pay\u0131n\u0131 art\u0131rmas\u0131, teknolojiyi sadece t\u00fcketen de\u011fil ayn\u0131 zamanda \u00fcreten bir \u00fclke haline gelmesi, kentlerimizin dijitalle\u015fme kapasitesiyle do\u011frudan ili\u015fkili. Bu ama\u00e7la, \u0130zmirimizin teknoloji \u00fcreten, d\u00fcnyaya \u00fcr\u00fcn ve fikir ihra\u00e7 edebilen bir \u015fehir olmas\u0131n\u0131n yan\u0131nda, teknoloji ve inovasyon konusunda oyun kuran \u015fehirlerden biri olmas\u0131 i\u00e7in \u00e7al\u0131\u015fmalar\u0131m\u0131za devam edece\u011fimizi ifade etmek istiyorum&#8221; dedi.<\/p>\n<p>\u00d6zgener: &#8220;\u00dcreten bireyler yeti\u015ftirmeyi hedefliyoruz&#8221;<br \/>\n<br \/>\u0130zQ \u00e7at\u0131s\u0131 alt\u0131nda hayata ge\u00e7irilen Dijital Deneyim Merkezi\u2019nin, inovasyonu erken ya\u015fta benimseme hedefinin bir yans\u0131mas\u0131 oldu\u011funu ifade eden \u00d6zgener s\u00f6zlerine \u015f\u00f6yle devam etti:<br \/>\n<br \/>&#8220;E\u011fitimin okul d\u0131\u015f\u0131nda da; ilhamla, deneyimle, ger\u00e7ek hayatla, teknolojiyle ve \u00fcretimle bulu\u015fmas\u0131 gerekti\u011fini d\u00fc\u015f\u00fcn\u00fcyoruz. Bu nedenle merkezimiz; g\u00f6zlemleyen, deneyimleyen, \u00f6\u011frenen, hayal eden ve en \u00f6nemlisi, \u2019\u00fcreten\u2019 bireyler yeti\u015ftirmeyi ama\u00e7layan bir e\u011fitim vizyonunun mekana b\u00fcr\u00fcnm\u00fc\u015f hali. \u00c7ocuklar\u0131m\u0131z burada kentsel ya\u015fam\u0131, bilimi, do\u011fay\u0131, ticareti ve s\u00fcrd\u00fcr\u00fclebilirli\u011fi e\u011flenerek \u00f6\u011freniyorlar. Sadece bilgi almakla kalm\u0131yor; \u00e7e\u015fitli istasyonlarda gelece\u011fin teknolojileriyle tan\u0131\u015f\u0131yor, grup \u00e7al\u0131\u015fmalar\u0131nda i\u015f birli\u011fi kuruyorlar. Bu anlamda e\u011fitim sekt\u00f6r\u00fcnde faaliyet g\u00f6steren payda\u015flar\u0131m\u0131z\u0131n tecr\u00fcbelerinden faydalanmay\u0131 \u00e7ok \u00f6nemsiyoruz.&#8221;<\/p>\n<p>Y\u00fcce: &#8220;Ne kadar \u00e7ok \u00e7ocu\u011fa dokunabilirsek kar&#8221;<br \/>\n<br \/>Kentimiz \u0130zmir Derne\u011fi Y\u00f6netim Kurulu Ba\u015fkan\u0131 U\u011fur Y\u00fcce ise konu\u015fmas\u0131nda, &#8220;Bir \u015feyin alt\u0131n\u0131 \u00f6zellikle \u00e7izmek istiyorum, \u00e7\u00fcnk\u00fc \u00e7ok \u00f6nemli. Bizler \u00f6zel okullar\u0131m\u0131zla asla bir yar\u0131\u015f i\u00e7erisinde de\u011filiz. \u00d6zel okullar\u0131m\u0131z\u0131n pek fazlas\u0131n\u0131n ne kadar ileri d\u00fczeyde ve kaliteli bir e\u011fitim vermekte oldu\u011funun son derece bilincindeyiz. Biz, 4 bu\u00e7uk y\u0131ld\u0131r Kontak\u2019ta dar gelirli ailelerin \u00e7ocuklar\u0131na bedelsiz e\u011fitim veriyoruz. Tamamen devlet okullar\u0131ndan, oradaki m\u00fcd\u00fcrlerin ve \u00f6\u011fretmenlerin de katk\u0131lar\u0131yla se\u00e7ilmi\u015f olan \u00e7ocuklara at\u00f6lye \u00e7al\u0131\u015fmalar\u0131 yap\u0131yoruz. Bug\u00fcne kadar 1000\u2019e yak\u0131n anaokulu \u00e7ocu\u011fu ve 10 bini a\u015fk\u0131n 6-14 ya\u015f grubu \u00e7ocu\u011fu e\u011fittik. E\u011fitimcilerimizden ricam\u0131z \u015fu: Dijital Deneyim Merkezimizi \u00f6\u011frencilerinizle bir gezi alan\u0131 olarak kullan\u0131rsan\u0131z oradan gelecek olan her kuru\u015f, dar gelirli ailelerin \u00e7ocuklar\u0131n\u0131n e\u011fitimine harcanacak. Ne kadar gelirimiz varsa o kadar b\u00fcy\u00fcyoruz. Ne kadar \u00e7ok \u00e7ocu\u011fa dokunabilirsek o kadar kard\u0131r. Bu merkez, sizlerin ziyaretleri sayesinde kent i\u00e7inde bir bilinirlik kazanacakt\u0131r. Sizden bu konuya bir sosyal sorumluluk projesi olarak bakman\u0131z\u0131 rica ediyorum&#8221; dedi.<br \/>\n<br \/>Toplant\u0131 soru-cevap b\u00f6l\u00fcm\u00fcn\u00fcn ard\u0131ndan Dijital Deneyim Merkezi turuyla sona erdi. Toplant\u0131ya; \u0130zmir Ticaret Odas\u0131 Y\u00f6netim Kurulu Ba\u015fkan Yard\u0131mc\u0131s\u0131 ve \u0130zQ Giri\u015fimcilik ve \u0130novasyon Merkezi Y\u00f6netim Kurulu \u00dcyesi Emre K\u0131z\u0131lg\u00fcne\u015fler, EG\u0130FED Y\u00f6netim Kurulu Ba\u015fkan\u0131 ve \u0130zQ Y\u00f6netim Kurulu \u00dcyesi Alp Avni Yelkenbi\u00e7er, \u0130zmir Ticaret Odas\u0131 Meclis Ba\u015fkan Yard\u0131mc\u0131s\u0131 Mehmet Tahir \u00d6zdemir, Meclis \u00dcyeleri Mustafa Tekta\u015f, Feti \u015een, \u00d6\u011f\u00fcn Ta\u015f, Odam\u0131z 35. E\u011fitim Grubu Meslek Komitesi \u00dcyesi ve Ege \u00d6zel Okullar Derne\u011fi Ba\u015fkan\u0131 Kadir A\u00e7\u0131kba\u015flar, Genel Sekreter Prof. Dr. Mustafa Tanyeri, Genel Koordinat\u00f6r P\u0131nar Karay\u0131lano\u011flu ile \u0130zmir\u2019in \u00f6nde gelen e\u011fitim kurumlar\u0131ndan temsilciler kat\u0131ld\u0131.<br \/><\/p>\n","protected":false},"excerpt":{"rendered":"<p>Elde etti\u011fi gelirle dar gelirli ailelerin \u00e7ocuklar\u0131na teknoloji e\u011fitimi veren Dijital Deneyim Merkezi, 2026\u2019da daha fazla \u00e7ocu\u011fa ula\u015fmak i\u00e7in \u0130zmir\u2019in \u00f6nde gelen e\u011fitim kurumlar\u0131n\u0131 a\u011f\u0131rlad\u0131. Tan\u0131t\u0131m sonras\u0131 \u00f6\u011frencilerini merkeze getirecek \u00f6zel okullar, \u00f6deyecekleri bedelle teknolojiye eri\u015fimi olmayan \u00e7ocuklar\u0131n e\u011fitimine katk\u0131 sa\u011flayan bir sosyal sorumluluk projesine dahil olacak. \u0130zQ Giri\u015fimcilik ve \u0130novasyon Merkezi b\u00fcnyesinde faaliyet g\u00f6steren&#8230;<\/p>\n","protected":false},"author":1,"featured_media":77105,"comment_status":"open","ping_status":"open","sticky":false,"template":"","format":"standard","meta":{"_crdt_document":"","footnotes":""},"categories":[1],"tags":[],"class_list":["post-77104","post","type-post","status-publish","format-standard","has-post-thumbnail","hentry","category-guncel"],"_links":{"self":[{"href":"https:\/\/www.egemtv.com\/index.php?rest_route=\/wp\/v2\/posts\/77104","targetHints":{"allow":["GET"]}}],"collection":[{"href":"https:\/\/www.egemtv.com\/index.php?rest_route=\/wp\/v2\/posts"}],"about":[{"href":"https:\/\/www.egemtv.com\/index.php?rest_route=\/wp\/v2\/types\/post"}],"author":[{"embeddable":true,"href":"https:\/\/www.egemtv.com\/index.php?rest_route=\/wp\/v2\/users\/1"}],"replies":[{"embeddable":true,"href":"https:\/\/www.egemtv.com\/index.php?rest_route=%2Fwp%2Fv2%2Fcomments&post=77104"}],"version-history":[{"count":1,"href":"https:\/\/www.egemtv.com\/index.php?rest_route=\/wp\/v2\/posts\/77104\/revisions"}],"predecessor-version":[{"id":77106,"href":"https:\/\/www.egemtv.com\/index.php?rest_route=\/wp\/v2\/posts\/77104\/revisions\/77106"}],"wp:featuredmedia":[{"embeddable":true,"href":"https:\/\/www.egemtv.com\/index.php?rest_route=\/wp\/v2\/media\/77105"}],"wp:attachment":[{"href":"https:\/\/www.egemtv.com\/index.php?rest_route=%2Fwp%2Fv2%2Fmedia&parent=77104"}],"wp:term":[{"taxonomy":"category","embeddable":true,"href":"https:\/\/www.egemtv.com\/index.php?rest_route=%2Fwp%2Fv2%2Fcategories&post=77104"},{"taxonomy":"post_tag","embeddable":true,"href":"https:\/\/www.egemtv.com\/index.php?rest_route=%2Fwp%2Fv2%2Ftags&post=77104"}],"curies":[{"name":"wp","href":"https:\/\/api.w.org\/{rel}","templated":true}]}}