{"id":77101,"date":"2025-12-28T10:34:58","date_gmt":"2025-12-28T07:34:58","guid":{"rendered":"https:\/\/www.egemtv.com\/?p=77101"},"modified":"2025-12-28T10:34:58","modified_gmt":"2025-12-28T07:34:58","slug":"dampinar-camiinin-tadilati-tamamlandi","status":"publish","type":"post","link":"https:\/\/www.egemtv.com\/?p=77101","title":{"rendered":"Damp\u0131nar Camii\u2019nin tadilat\u0131 tamamland\u0131"},"content":{"rendered":"<p>Ayd\u0131n\u2019\u0131n Germencik il\u00e7esinde bulunan Damp\u0131nar Camii\u2019nin i\u00e7 ve d\u0131\u015f tadilat \u00e7al\u0131\u015fmalar\u0131 tamamland\u0131.<\/p>\n<p>Germencik M\u00fcft\u00fcl\u00fc\u011f\u00fc koordinesinde y\u00fcr\u00fct\u00fclen \u00e7al\u0131\u015fmalar, vatanda\u015flar\u0131n da destekleriyle k\u0131sa s\u00fcrede bitirilerek cami yeniden ibadete haz\u0131r hale getirildi. Caminin bak\u0131m ve onar\u0131m s\u00fcrecinde hem i\u00e7 mek\u00e2nda hem de d\u0131\u015f cephede gerekli d\u00fczenlemelerin yap\u0131ld\u0131\u011f\u0131 belirtilirken, yap\u0131lan \u00e7al\u0131\u015fmalarla ibadet ortam\u0131n\u0131n daha sa\u011fl\u0131kl\u0131 ve d\u00fczenli bir g\u00f6r\u00fcn\u00fcme kavu\u015ftu\u011fu ifade edildi. Tadilat\u0131n tamamlanmas\u0131yla birlikte mahalle sakinleri camiyi daha huzurlu bir ortamda kullanma imkan\u0131 buldu.<\/p>\n<p>Germencik M\u00fcft\u00fcl\u00fc\u011f\u00fc\u2019nden yap\u0131lan payla\u015f\u0131mda, caminin yenilenmesine katk\u0131 sunan hay\u0131rsever vatanda\u015flara te\u015fekk\u00fcr edilerek, birlik ve beraberlik i\u00e7erisinde ger\u00e7ekle\u015ftirilen bu t\u00fcr \u00e7al\u0131\u015fmalar\u0131n \u00f6nemine vurgu yap\u0131ld\u0131. M\u00fcft\u00fcl\u00fck yetkilileri, ibadethanelerin bak\u0131m ve onar\u0131m\u0131na y\u00f6nelik desteklerin memnuniyet verici oldu\u011funu belirtti.<br \/><\/p>\n","protected":false},"excerpt":{"rendered":"<p>Ayd\u0131n\u2019\u0131n Germencik il\u00e7esinde bulunan Damp\u0131nar Camii\u2019nin i\u00e7 ve d\u0131\u015f tadilat \u00e7al\u0131\u015fmalar\u0131 tamamland\u0131. Germencik M\u00fcft\u00fcl\u00fc\u011f\u00fc koordinesinde y\u00fcr\u00fct\u00fclen \u00e7al\u0131\u015fmalar, vatanda\u015flar\u0131n da destekleriyle k\u0131sa s\u00fcrede bitirilerek cami yeniden ibadete haz\u0131r hale getirildi. Caminin bak\u0131m ve onar\u0131m s\u00fcrecinde hem i\u00e7 mek\u00e2nda hem de d\u0131\u015f cephede gerekli d\u00fczenlemelerin yap\u0131ld\u0131\u011f\u0131 belirtilirken, yap\u0131lan \u00e7al\u0131\u015fmalarla ibadet ortam\u0131n\u0131n daha sa\u011fl\u0131kl\u0131 ve d\u00fczenli bir g\u00f6r\u00fcn\u00fcme&#8230;<\/p>\n","protected":false},"author":1,"featured_media":77102,"comment_status":"open","ping_status":"open","sticky":false,"template":"","format":"standard","meta":{"_crdt_document":"","footnotes":""},"categories":[1],"tags":[],"class_list":["post-77101","post","type-post","status-publish","format-standard","has-post-thumbnail","hentry","category-guncel"],"_links":{"self":[{"href":"https:\/\/www.egemtv.com\/index.php?rest_route=\/wp\/v2\/posts\/77101","targetHints":{"allow":["GET"]}}],"collection":[{"href":"https:\/\/www.egemtv.com\/index.php?rest_route=\/wp\/v2\/posts"}],"about":[{"href":"https:\/\/www.egemtv.com\/index.php?rest_route=\/wp\/v2\/types\/post"}],"author":[{"embeddable":true,"href":"https:\/\/www.egemtv.com\/index.php?rest_route=\/wp\/v2\/users\/1"}],"replies":[{"embeddable":true,"href":"https:\/\/www.egemtv.com\/index.php?rest_route=%2Fwp%2Fv2%2Fcomments&post=77101"}],"version-history":[{"count":1,"href":"https:\/\/www.egemtv.com\/index.php?rest_route=\/wp\/v2\/posts\/77101\/revisions"}],"predecessor-version":[{"id":77103,"href":"https:\/\/www.egemtv.com\/index.php?rest_route=\/wp\/v2\/posts\/77101\/revisions\/77103"}],"wp:featuredmedia":[{"embeddable":true,"href":"https:\/\/www.egemtv.com\/index.php?rest_route=\/wp\/v2\/media\/77102"}],"wp:attachment":[{"href":"https:\/\/www.egemtv.com\/index.php?rest_route=%2Fwp%2Fv2%2Fmedia&parent=77101"}],"wp:term":[{"taxonomy":"category","embeddable":true,"href":"https:\/\/www.egemtv.com\/index.php?rest_route=%2Fwp%2Fv2%2Fcategories&post=77101"},{"taxonomy":"post_tag","embeddable":true,"href":"https:\/\/www.egemtv.com\/index.php?rest_route=%2Fwp%2Fv2%2Ftags&post=77101"}],"curies":[{"name":"wp","href":"https:\/\/api.w.org\/{rel}","templated":true}]}}