{"id":77098,"date":"2025-12-28T10:34:56","date_gmt":"2025-12-28T07:34:56","guid":{"rendered":"https:\/\/www.egemtv.com\/?p=77098"},"modified":"2025-12-28T10:34:57","modified_gmt":"2025-12-28T07:34:57","slug":"germencikteki-firinlarda-denetim-gerceklestirildi","status":"publish","type":"post","link":"https:\/\/www.egemtv.com\/?p=77098","title":{"rendered":"Germencik\u2019teki f\u0131r\u0131nlarda denetim ger\u00e7ekle\u015ftirildi"},"content":{"rendered":"<p>Germencik Belediyesi zab\u0131ta ekipleri taraf\u0131ndan il\u00e7e genelinde f\u0131r\u0131n ve unlu mamul sat\u0131\u015f\u0131 yapan i\u015fletmelere y\u00f6nelik denetimler ger\u00e7ekle\u015ftirildi.<br \/>\n<br \/>Halk sa\u011fl\u0131\u011f\u0131n\u0131n korunmas\u0131 amac\u0131yla yap\u0131lan denetimlerde, hijyen \u015fartlar\u0131 titizlikle kontrol edilirken \u00e7al\u0131\u015fanlar\u0131n bone ve eldiven kullan\u0131m\u0131 konusunda gerekli uyar\u0131lar yap\u0131ld\u0131. Denetimlerle ilgili de\u011ferlendirmede bulunan Germencik Belediye Ba\u015fkan\u0131 Burak Zencirci, hijyen kurallar\u0131na uyulmas\u0131n\u0131n \u00f6nemine dikkat \u00e7ekerek, yap\u0131lan kontrollerde kurallara uymayan i\u015fletmelere mevzuat kapsam\u0131nda bilgilendirme yap\u0131ld\u0131\u011f\u0131n\u0131 belirtti. Zencirci, vatanda\u015flar\u0131n sa\u011fl\u0131kl\u0131 ve g\u00fcvenli g\u0131daya ula\u015fmas\u0131n\u0131n \u00f6ncelikleri oldu\u011funu vurgularken, zab\u0131ta ekiplerinin denetimlerini il\u00e7e genelinde aral\u0131ks\u0131z s\u00fcrd\u00fcrece\u011fini ifade etti.<br \/><\/p>\n","protected":false},"excerpt":{"rendered":"<p>Germencik Belediyesi zab\u0131ta ekipleri taraf\u0131ndan il\u00e7e genelinde f\u0131r\u0131n ve unlu mamul sat\u0131\u015f\u0131 yapan i\u015fletmelere y\u00f6nelik denetimler ger\u00e7ekle\u015ftirildi. Halk sa\u011fl\u0131\u011f\u0131n\u0131n korunmas\u0131 amac\u0131yla yap\u0131lan denetimlerde, hijyen \u015fartlar\u0131 titizlikle kontrol edilirken \u00e7al\u0131\u015fanlar\u0131n bone ve eldiven kullan\u0131m\u0131 konusunda gerekli uyar\u0131lar yap\u0131ld\u0131. Denetimlerle ilgili de\u011ferlendirmede bulunan Germencik Belediye Ba\u015fkan\u0131 Burak Zencirci, hijyen kurallar\u0131na uyulmas\u0131n\u0131n \u00f6nemine dikkat \u00e7ekerek, yap\u0131lan kontrollerde kurallara&#8230;<\/p>\n","protected":false},"author":1,"featured_media":77099,"comment_status":"open","ping_status":"open","sticky":false,"template":"","format":"standard","meta":{"_crdt_document":"","footnotes":""},"categories":[1],"tags":[],"class_list":["post-77098","post","type-post","status-publish","format-standard","has-post-thumbnail","hentry","category-guncel"],"_links":{"self":[{"href":"https:\/\/www.egemtv.com\/index.php?rest_route=\/wp\/v2\/posts\/77098","targetHints":{"allow":["GET"]}}],"collection":[{"href":"https:\/\/www.egemtv.com\/index.php?rest_route=\/wp\/v2\/posts"}],"about":[{"href":"https:\/\/www.egemtv.com\/index.php?rest_route=\/wp\/v2\/types\/post"}],"author":[{"embeddable":true,"href":"https:\/\/www.egemtv.com\/index.php?rest_route=\/wp\/v2\/users\/1"}],"replies":[{"embeddable":true,"href":"https:\/\/www.egemtv.com\/index.php?rest_route=%2Fwp%2Fv2%2Fcomments&post=77098"}],"version-history":[{"count":1,"href":"https:\/\/www.egemtv.com\/index.php?rest_route=\/wp\/v2\/posts\/77098\/revisions"}],"predecessor-version":[{"id":77100,"href":"https:\/\/www.egemtv.com\/index.php?rest_route=\/wp\/v2\/posts\/77098\/revisions\/77100"}],"wp:featuredmedia":[{"embeddable":true,"href":"https:\/\/www.egemtv.com\/index.php?rest_route=\/wp\/v2\/media\/77099"}],"wp:attachment":[{"href":"https:\/\/www.egemtv.com\/index.php?rest_route=%2Fwp%2Fv2%2Fmedia&parent=77098"}],"wp:term":[{"taxonomy":"category","embeddable":true,"href":"https:\/\/www.egemtv.com\/index.php?rest_route=%2Fwp%2Fv2%2Fcategories&post=77098"},{"taxonomy":"post_tag","embeddable":true,"href":"https:\/\/www.egemtv.com\/index.php?rest_route=%2Fwp%2Fv2%2Ftags&post=77098"}],"curies":[{"name":"wp","href":"https:\/\/api.w.org\/{rel}","templated":true}]}}