{"id":77095,"date":"2025-12-28T10:34:55","date_gmt":"2025-12-28T07:34:55","guid":{"rendered":"https:\/\/www.egemtv.com\/?p=77095"},"modified":"2025-12-28T10:34:56","modified_gmt":"2025-12-28T07:34:56","slug":"radikal-okullarindan-bilim-ve-uzay-odakli-etkinlik","status":"publish","type":"post","link":"https:\/\/www.egemtv.com\/?p=77095","title":{"rendered":"Radikal Okullar\u0131\u2019ndan bilim ve uzay odakl\u0131 etkinlik"},"content":{"rendered":"<p>Radikal Okullar\u0131 taraf\u0131ndan, farkl\u0131 okullardan \u00f6\u011frencilerin kat\u0131l\u0131m\u0131yla proje kapsam\u0131nda d\u00fczenlenen &#8220;Evrenin ve Bilimin Gizemli D\u00fcnyas\u0131n\u0131 Ke\u015ffet&#8221; adl\u0131 bilim etkinli\u011fi, yo\u011fun ilgi g\u00f6rd\u00fc. Bilim, uzay ve ke\u015fif temalar\u0131 etraf\u0131nda ger\u00e7ekle\u015ftirilen etkinlikte \u00f6\u011frenciler, evrenin bilinmeyenlerine do\u011fru keyifli ve \u00f6\u011fretici bir yolculu\u011fa \u00e7\u0131kt\u0131.<br \/>\n<br \/>Radikal Okullar\u0131 taraf\u0131ndan y\u00fcr\u00fct\u00fclen Ay ve Mars K\u00f6y\u00fc Projesi kapsam\u0131nda d\u00fczenlenen etkinliklerde bilim ve uzay merak\u0131 \u00f6n plana \u00e7\u0131kt\u0131. Programda Prof. Dr. Serdar Evren, &#8220;Uzayda Ya\u015fam Ko\u015fullar\u0131&#8221; ba\u015fl\u0131kl\u0131 s\u00f6yle\u015fisinde evrende ya\u015fam ihtimali, gezegenlerin fiziksel \u00f6zellikleri ve bu alandaki bilimsel ara\u015ft\u0131rmalar hakk\u0131nda \u00f6\u011frencilere kapsaml\u0131 bilgiler aktard\u0131. T\u00fcrk Roket\u2019ten Berkay Eren ise &#8220;G\u00f6ky\u00fcz\u00fc S\u0131n\u0131r De\u011fil&#8221; adl\u0131 seminerinde uzay ve havac\u0131l\u0131k alan\u0131ndaki g\u00fcncel \u00e7al\u0131\u015fmalar\u0131 payla\u015farak gen\u00e7ler i\u00e7in kariyer imkanlar\u0131na dikkat \u00e7ekti. Etkinli\u011fin en ilgi \u00e7ekici b\u00f6l\u00fcmlerinden biri olan g\u00f6ky\u00fcz\u00fc g\u00f6zlem \u00e7al\u0131\u015fmas\u0131, uzman astronomlar Duygu ve Murat Esendemir rehberli\u011finde ger\u00e7ekle\u015ftirildi; \u00f6\u011frenciler teleskoplarla g\u00f6ky\u00fcz\u00fcn\u00fc inceleyerek teorik bilgilerini prati\u011fe d\u00f6n\u00fc\u015ft\u00fcrme imkan\u0131 buldu. Proje kapsam\u0131nda \u00f6\u011frencilerin Ay ve Mars\u2019ta ya\u015fam senaryolar\u0131 \u00fczerine d\u00fc\u015f\u00fcnmeleri, s\u00fcrd\u00fcr\u00fclebilir ya\u015fam alanlar\u0131 tasarlamalar\u0131 ve kar\u015f\u0131la\u015f\u0131labilecek bilimsel problemlere \u00e7\u00f6z\u00fcmler geli\u015ftirmeleri ama\u00e7lan\u0131rken, bu etkinliklerin uzay bilimine ilgiyi art\u0131rmas\u0131n\u0131n yan\u0131 s\u0131ra disiplinler aras\u0131 d\u00fc\u015f\u00fcnme becerilerine de katk\u0131 sa\u011flad\u0131\u011f\u0131 belirtildi.<\/p>\n<p>&#8220;Finali yar\u0131\u015fmayla ta\u00e7land\u0131raca\u011f\u0131z&#8221;<br \/>\n<br \/>Projenin i\u015fleyi\u015fi ve hedefi hakk\u0131nda a\u00e7\u0131klamalarda bulunan Radikal Konak Anadolu Lisesi M\u00fcd\u00fcr Yard\u0131mc\u0131s\u0131 M\u00fcge \u00c7ak\u0131r, \u00f6\u011frencilerin akademik ve bilimsel geli\u015fimini desteklemekten mutluluk duyduklar\u0131n\u0131 ifade etti. \u00c7ak\u0131r, &#8220;Bug\u00fcn Ay ve Mars K\u00f6y\u00fc projemiz kapsam\u0131nda Aral\u0131k ay\u0131 etkinli\u011fimizde yakla\u015f\u0131k 10 farkl\u0131 devlet okulundan \u00f6\u011frencilerimizi okulumuzda a\u011f\u0131rlad\u0131k. \u00d6\u011frencilerimiz, Prof. Dr. Serdar Evren hocam\u0131z\u0131n bilim semineriyle keyif dolu bir g\u00fcn ge\u00e7irdiler. May\u0131s ay\u0131na kadar s\u00fcrecek olan bu projemiz, finalde bir yar\u0131\u015fmayla ta\u00e7lanacak. \u00d6\u011frencilerimiz, her aya d\u00fczenli olarak koydu\u011fumuz etkinlikler ve bilimsel seminerler sayesinde ciddi bir bilgi birikimine ula\u015facaklar.&#8221; dedi.<br \/>\n<br \/>Radikal Konak Anadolu Lisesi\u2019nde d\u00fczenlenen bilim kongresinde konu\u015fan Uzman Astronom Duygu Esendemir, projenin temel amac\u0131n\u0131n \u00f6\u011frencilere g\u00f6ky\u00fcz\u00fc sevgisini a\u015f\u0131lamak ve onlar\u0131 gelece\u011fin uzay projelerine haz\u0131rlamak oldu\u011funu vurgulad\u0131.<br \/>\n<br \/>Radikal Konak Anadolu Lisesi\u2019nde d\u00fczenlenen bilim kongresinde konu\u015fan Uzman Astronom Murat Esendemir ise, Asteri Space organizasyonu ile Radikal Okullar\u0131\u2019n\u0131n i\u015f birli\u011fi i\u00e7inde oldu\u011funu belirterek; temel ama\u00e7lar\u0131n\u0131n gelece\u011fin vizyoner \u00f6\u011frencilerine \u0131\u015f\u0131k tutmak ve gen\u00e7 nesli T\u00fcrkiye ile d\u00fcnyadaki yeni nesil uzay \u00e7al\u0131\u015fmalar\u0131na haz\u0131rlamak oldu\u011funu s\u00f6yledi.<br \/><\/p>\n","protected":false},"excerpt":{"rendered":"<p>Radikal Okullar\u0131 taraf\u0131ndan, farkl\u0131 okullardan \u00f6\u011frencilerin kat\u0131l\u0131m\u0131yla proje kapsam\u0131nda d\u00fczenlenen &#8220;Evrenin ve Bilimin Gizemli D\u00fcnyas\u0131n\u0131 Ke\u015ffet&#8221; adl\u0131 bilim etkinli\u011fi, yo\u011fun ilgi g\u00f6rd\u00fc. Bilim, uzay ve ke\u015fif temalar\u0131 etraf\u0131nda ger\u00e7ekle\u015ftirilen etkinlikte \u00f6\u011frenciler, evrenin bilinmeyenlerine do\u011fru keyifli ve \u00f6\u011fretici bir yolculu\u011fa \u00e7\u0131kt\u0131. Radikal Okullar\u0131 taraf\u0131ndan y\u00fcr\u00fct\u00fclen Ay ve Mars K\u00f6y\u00fc Projesi kapsam\u0131nda d\u00fczenlenen etkinliklerde bilim ve uzay&#8230;<\/p>\n","protected":false},"author":1,"featured_media":77096,"comment_status":"open","ping_status":"open","sticky":false,"template":"","format":"standard","meta":{"_crdt_document":"","footnotes":""},"categories":[1],"tags":[],"class_list":["post-77095","post","type-post","status-publish","format-standard","has-post-thumbnail","hentry","category-guncel"],"_links":{"self":[{"href":"https:\/\/www.egemtv.com\/index.php?rest_route=\/wp\/v2\/posts\/77095","targetHints":{"allow":["GET"]}}],"collection":[{"href":"https:\/\/www.egemtv.com\/index.php?rest_route=\/wp\/v2\/posts"}],"about":[{"href":"https:\/\/www.egemtv.com\/index.php?rest_route=\/wp\/v2\/types\/post"}],"author":[{"embeddable":true,"href":"https:\/\/www.egemtv.com\/index.php?rest_route=\/wp\/v2\/users\/1"}],"replies":[{"embeddable":true,"href":"https:\/\/www.egemtv.com\/index.php?rest_route=%2Fwp%2Fv2%2Fcomments&post=77095"}],"version-history":[{"count":1,"href":"https:\/\/www.egemtv.com\/index.php?rest_route=\/wp\/v2\/posts\/77095\/revisions"}],"predecessor-version":[{"id":77097,"href":"https:\/\/www.egemtv.com\/index.php?rest_route=\/wp\/v2\/posts\/77095\/revisions\/77097"}],"wp:featuredmedia":[{"embeddable":true,"href":"https:\/\/www.egemtv.com\/index.php?rest_route=\/wp\/v2\/media\/77096"}],"wp:attachment":[{"href":"https:\/\/www.egemtv.com\/index.php?rest_route=%2Fwp%2Fv2%2Fmedia&parent=77095"}],"wp:term":[{"taxonomy":"category","embeddable":true,"href":"https:\/\/www.egemtv.com\/index.php?rest_route=%2Fwp%2Fv2%2Fcategories&post=77095"},{"taxonomy":"post_tag","embeddable":true,"href":"https:\/\/www.egemtv.com\/index.php?rest_route=%2Fwp%2Fv2%2Ftags&post=77095"}],"curies":[{"name":"wp","href":"https:\/\/api.w.org\/{rel}","templated":true}]}}