{"id":77092,"date":"2025-12-28T10:34:54","date_gmt":"2025-12-28T07:34:54","guid":{"rendered":"https:\/\/www.egemtv.com\/?p=77092"},"modified":"2025-12-28T10:34:55","modified_gmt":"2025-12-28T07:34:55","slug":"nazilli-ticaret-odasinin-basarili-ihracatcilari-odullendirildi","status":"publish","type":"post","link":"https:\/\/www.egemtv.com\/?p=77092","title":{"rendered":"Nazilli Ticaret Odas\u0131\u2019n\u0131n ba\u015far\u0131l\u0131 ihracat\u00e7\u0131lar\u0131 \u00f6d\u00fcllendirildi"},"content":{"rendered":"<p>Nazilli Ticaret Odas\u0131 sorumluluk alan\u0131nda faaliyet g\u00f6steren \u00fcyelerden ba\u015far\u0131l\u0131 ihracat\u00e7\u0131 \u00fcyeleri i\u00e7in \u2018Ba\u015far\u0131 \u00d6d\u00fclleri Program\u0131\u2019 d\u00fczenledi.<\/p>\n<p>Nazilli Ticaret Odas\u0131 (NTO), Nazilli ba\u015fta olmak \u00fczere sorumluluk sahas\u0131nda bulunan Sultanhisar, Yenipazar, Bozdo\u011fan, Karacasu, Buharkent ve Kuyucak il\u00e7elerinde bulunan ba\u015far\u0131l\u0131 ihracat\u00e7\u0131 \u00fcyelerini onurland\u0131rmak amac\u0131yla \u2018Nazilli Ticaret Odas\u0131 Ba\u015far\u0131 \u00d6d\u00fclleri Program\u0131\u2019 d\u00fczenledi. Nazilli Ticaret Odas\u0131 Y\u00f6netim Kurulu Ba\u015fkan\u0131 Nuri Arslan ve Nazilli Ticaret Odas\u0131 Meclis Ba\u015fkan\u0131 S\u00fcleyman G\u00fcrb\u00fcz\u2019\u00fcn ev sahipli\u011finde odan\u0131n konferans salonunda d\u00fczenlenen geleneksel \u00f6d\u00fcl t\u00f6renine Kaymakam Huriye K\u00fcpeli Kan, AK Parti Ayd\u0131n Milletvekili \u00d6mer \u00d6zmen, Nazilli Belediye Ba\u015fkan\u0131 Dr.Ertu\u011frul Tetik, Buharkent Belediye Ba\u015fkan\u0131 Mehmet Erol, Sultanhisar Belediye Ba\u015fkan\u0131 Osman Y\u0131ld\u0131r\u0131mkaya, Karacasu Belediye Ba\u015fkan\u0131 Mustafa B\u00fcy\u00fckyap\u0131c\u0131, protokol \u00fcyeleri ve ba\u015far\u0131l\u0131 ihracat firmalar\u0131n\u0131n yetkilileri ile davetliler kat\u0131ld\u0131. Ege \u0130hracat\u00e7\u0131lar Birli\u011fi listesinde yer alan, ba\u015far\u0131l\u0131 ihracat firmalar\u0131 Nazilli Ticaret Odas\u0131 taraf\u0131ndan onore edildi. Ba\u015far\u0131 \u00f6d\u00fclleri protokol \u00fcyeleri taraf\u0131ndan firmalar\u0131n yetkililerine takdim edildi.<\/p>\n<p>&#8220;\u0130hracat\u00e7\u0131lar\u0131m\u0131zla daha da g\u00fc\u00e7leniyoruz&#8221;<br \/>\n<br \/>Yo\u011fun bir kat\u0131l\u0131m\u0131n oldu\u011fu \u00f6d\u00fcl t\u00f6reninin a\u00e7\u0131l\u0131\u015f\u0131nda konu\u015fan Nazilli Ticaret Odas\u0131 Ba\u015fkan\u0131 Nuri Arslan, her y\u0131l geleneksel olarak d\u00fczenledikleri bu \u00f6d\u00fcl t\u00f6renleri ile bir yandan dereceye giren firmalar\u0131 \u00f6d\u00fcllendirirken di\u011fer yandan da di\u011fer firmalar\u0131 te\u015fvik ettiklerini s\u00f6yledi. Ba\u015fkan Arslan, &#8220;\u00dclke ekonomimize g\u00fc\u00e7 katan de\u011ferli ihracat\u00e7\u0131 \u00fcyelerimizle daha da g\u00fc\u00e7leniyoruz. \u0130novasyon yapan, yerel \u00fcr\u00fcnlerimizi katma de\u011fer olu\u015fturacak \u015fekilde d\u0131\u015f pazarlara sunabilen, kendini geli\u015ftiren i\u015fletmeler \u00f6nce kendilerine daha sonra b\u00f6lgeye b\u00fcy\u00fck katk\u0131 yapmaktad\u0131rlar. Ayr\u0131ca; yurti\u00e7inde ve yurtd\u0131\u015f\u0131nda ihracat\u0131m\u0131z\u0131n artmas\u0131 i\u00e7in, fuar organizasyonlar\u0131 yaparken, \u00fcye bilgilendirme e\u011fitimlerimiz ile ihracat potansiyeli olan ancak \u00e7e\u015fitli sebeplerle bu d\u00fc\u015f\u00fcncesini ger\u00e7ekle\u015ftiremeyen \u00fcyelerimiz i\u00e7in \u00e7\u00f6z\u00fcm oda\u011f\u0131 olmak i\u00e7in gayret g\u00f6steriyoruz. \u0130hracat\u0131m\u0131z\u0131n daha fazla artmas\u0131 i\u00e7in Nazilli Ticaret Odas\u0131 \u00fcst\u00fcne d\u00fc\u015fen her g\u00f6revi yapmaya haz\u0131rd\u0131r. B\u00f6lgenin kalk\u0131nmas\u0131n\u0131n ancak \u00fcretim ve ihracat\u0131n artt\u0131r\u0131lmas\u0131 ile m\u00fcmk\u00fcn olaca\u011f\u0131n\u0131 d\u00fc\u015f\u00fcn\u00fcyorum&#8221; dedi.<\/p>\n<p>Destek istedi<br \/>\n<br \/>Arslan, sanayicinin yat\u0131r\u0131m yapabilmek i\u00e7in yeni organize sanayi alanlar\u0131na ihtiya\u00e7 duydu\u011funu da ifade ederek destek istedi. Ayr\u0131ca kapat\u0131lan S\u00fcmer Basma Fabrikas\u0131 alan\u0131n\u0131n at\u0131l durumdan \u00e7\u0131kart\u0131labilmesi i\u00e7in gerekli ad\u0131mlar\u0131nda at\u0131lmas\u0131 y\u00f6n\u00fcnde \u00e7a\u011fr\u0131da bulundu. Konu\u015fmas\u0131n\u0131n sonunda zorlu piyasa \u015fartlar\u0131 i\u00e7inde \u00e7al\u0131\u015farak ihracat s\u0131ralamas\u0131na giren firmalara, Nazilli Ticaret Odas\u0131 Y\u00f6netim Kurulu ve Meclisi ad\u0131na te\u015fekk\u00fcr eden Ba\u015fkan Arslan, ba\u015far\u0131l\u0131 olan t\u00fcm firmalar\u0131n temsilcilerini tebrik etti.<\/p>\n<p>&#8220;Organize sanayilerimiz i\u00e7in \u2018deniz bitti\u2019 diyebiliriz&#8221;<br \/>\n<br \/>T\u00f6rende konu\u015fan AK Parti Ayd\u0131n Milletvekili \u00d6mer \u00d6zmen, Ba\u015fkan Arslan ba\u015fta olmak \u00fczere NTO y\u00f6netimine ve \u00fcyelerine ekonomiye katk\u0131lar\u0131ndan dolay\u0131 te\u015fekk\u00fcr etti. \u00d6zmen, &#8220;Nuri ba\u015fkan\u0131m\u0131z\u0131n dileklerini \u00e7\u00f6z\u00fcme kavu\u015fmas\u0131 i\u00e7in yak\u0131ndan takip edece\u011fiz. Sit alan\u0131 ve sit alan\u0131 olmayan alanlar konusunda da \u00e7al\u0131\u015fmalar\u0131m\u0131z olacak. Ancak sanayicimizin yat\u0131r\u0131m alan\u0131na ihtiyac\u0131 konusunda olumlu cevap veremiyoruz. \u00c7\u00fcnk\u00fc topraklar\u0131m\u0131z \u00e7ok k\u0131ymetli. Ovalar\u0131m\u0131z b\u00fcy\u00fck ova, da\u011flar\u0131m\u0131z ise zeytinlik. Onun i\u00e7in Ayd\u0131n sanayile\u015fme anlam\u0131nda arazi y\u00f6n\u00fcnden zengin de\u011fil. Tabiri caize asl\u0131nda organize sanayilerimiz i\u00e7in \u2018deniz bitti\u2019 diyebiliriz. Ayd\u0131n bir tar\u0131m kenti ve sanayi i\u00e7in \u00e7ok de\u011ferli topraklar\u0131m\u0131z\u0131 bitirmeyelim. Onun i\u00e7in \u2018ne yapabiliriz\u2019 diyerek bunun \u00e7al\u0131\u015fmas\u0131n\u0131 da yapmaktay\u0131z&#8221; dedi.<\/p>\n<p>&#8220;\u00dcretip de satam\u0131yorsak bir k\u0131ymeti yok&#8221;<br \/>\n<br \/>Kaymakam Huriye K\u00fcpeli Kan, Nazillili ihracat\u00e7\u0131lar\u0131n ekonomiye ve \u00fclke ekonomisine katk\u0131s\u0131n\u0131n \u00e7ok k\u0131ymetli oldu\u011funu ifade ederek: &#8220;Nazilli\u2019nin \u00fcreten, \u00e7ok \u00e7al\u0131\u015fkan insanlar\u0131 ve \u00e7ok \u00e7al\u0131\u015fkan kad\u0131nlar\u0131 var. \u0130hracat\u00e7\u0131lar\u0131m\u0131z ise bunlar\u0131 de\u011fere d\u00f6n\u00fc\u015ft\u00fcr\u00fcyor. Ne kadar \u00e7ok \u00fcretim yaparsak yapal\u0131m satam\u0131yorsak, ihracat yapam\u0131yorsak bir faydas\u0131 olmaz. \u00dcretim k\u0131ymetli ama ihracat da ondan daha k\u0131ymetli. \u0130kisi de birbirini destekliyor&#8221; dedi.<\/p>\n<p>T\u00f6ren sonunda Nazilli\u2019nin kad\u0131n giri\u015fimcilerinin \u00fcr\u00fcnlerini sergiledikleri stantlar da b\u00fcy\u00fck ilgi ile gezildi.<br \/><\/p>\n","protected":false},"excerpt":{"rendered":"<p>Nazilli Ticaret Odas\u0131 sorumluluk alan\u0131nda faaliyet g\u00f6steren \u00fcyelerden ba\u015far\u0131l\u0131 ihracat\u00e7\u0131 \u00fcyeleri i\u00e7in \u2018Ba\u015far\u0131 \u00d6d\u00fclleri Program\u0131\u2019 d\u00fczenledi. Nazilli Ticaret Odas\u0131 (NTO), Nazilli ba\u015fta olmak \u00fczere sorumluluk sahas\u0131nda bulunan Sultanhisar, Yenipazar, Bozdo\u011fan, Karacasu, Buharkent ve Kuyucak il\u00e7elerinde bulunan ba\u015far\u0131l\u0131 ihracat\u00e7\u0131 \u00fcyelerini onurland\u0131rmak amac\u0131yla \u2018Nazilli Ticaret Odas\u0131 Ba\u015far\u0131 \u00d6d\u00fclleri Program\u0131\u2019 d\u00fczenledi. Nazilli Ticaret Odas\u0131 Y\u00f6netim Kurulu Ba\u015fkan\u0131 Nuri&#8230;<\/p>\n","protected":false},"author":1,"featured_media":77093,"comment_status":"open","ping_status":"open","sticky":false,"template":"","format":"standard","meta":{"_crdt_document":"","footnotes":""},"categories":[125],"tags":[],"class_list":["post-77092","post","type-post","status-publish","format-standard","has-post-thumbnail","hentry","category-ekonomi"],"_links":{"self":[{"href":"https:\/\/www.egemtv.com\/index.php?rest_route=\/wp\/v2\/posts\/77092","targetHints":{"allow":["GET"]}}],"collection":[{"href":"https:\/\/www.egemtv.com\/index.php?rest_route=\/wp\/v2\/posts"}],"about":[{"href":"https:\/\/www.egemtv.com\/index.php?rest_route=\/wp\/v2\/types\/post"}],"author":[{"embeddable":true,"href":"https:\/\/www.egemtv.com\/index.php?rest_route=\/wp\/v2\/users\/1"}],"replies":[{"embeddable":true,"href":"https:\/\/www.egemtv.com\/index.php?rest_route=%2Fwp%2Fv2%2Fcomments&post=77092"}],"version-history":[{"count":1,"href":"https:\/\/www.egemtv.com\/index.php?rest_route=\/wp\/v2\/posts\/77092\/revisions"}],"predecessor-version":[{"id":77094,"href":"https:\/\/www.egemtv.com\/index.php?rest_route=\/wp\/v2\/posts\/77092\/revisions\/77094"}],"wp:featuredmedia":[{"embeddable":true,"href":"https:\/\/www.egemtv.com\/index.php?rest_route=\/wp\/v2\/media\/77093"}],"wp:attachment":[{"href":"https:\/\/www.egemtv.com\/index.php?rest_route=%2Fwp%2Fv2%2Fmedia&parent=77092"}],"wp:term":[{"taxonomy":"category","embeddable":true,"href":"https:\/\/www.egemtv.com\/index.php?rest_route=%2Fwp%2Fv2%2Fcategories&post=77092"},{"taxonomy":"post_tag","embeddable":true,"href":"https:\/\/www.egemtv.com\/index.php?rest_route=%2Fwp%2Fv2%2Ftags&post=77092"}],"curies":[{"name":"wp","href":"https:\/\/api.w.org\/{rel}","templated":true}]}}