{"id":77080,"date":"2025-12-28T00:34:32","date_gmt":"2025-12-27T21:34:32","guid":{"rendered":"https:\/\/www.egemtv.com\/?p=77080"},"modified":"2025-12-28T00:34:33","modified_gmt":"2025-12-27T21:34:33","slug":"domanicte-trafik-kazasi-4-yarali","status":"publish","type":"post","link":"https:\/\/www.egemtv.com\/?p=77080","title":{"rendered":"Domani\u00e7\u2019te trafik kazas\u0131: 4 yaral\u0131"},"content":{"rendered":"<p>K\u00fctahya\u2019n\u0131n Domani\u00e7 il\u00e7esinde iki arac\u0131n \u00e7arp\u0131\u015fmas\u0131 sonucu meydana gelen trafik kazas\u0131nda 4 ki\u015fi yaraland\u0131.<br \/>\n<br \/>Edinilen bilgilere g\u00f6re, Domani\u00e7 istikametine seyir halinde olan M.A. idaresindeki 06 CIM 026 plakal\u0131 kamyonet ile H.E. y\u00f6netimindeki 43 YD 889 plakal\u0131 otomobil kav\u015fakta \u00e7arp\u0131\u015ft\u0131. Kazan\u0131n ard\u0131ndan yap\u0131lan ihbar \u00fczerine olay yerine emniyet ve sa\u011fl\u0131k ekipleri sevk edildi. Sa\u011fl\u0131k ekipleri taraf\u0131ndan olay yerinde ilk m\u00fcdahaleleri yap\u0131lan yaral\u0131lardan, otomobil s\u00fcr\u00fcc\u00fcs\u00fc H.E. ile ara\u00e7ta yolcu olarak bulunan H.E., ambulansla Tav\u015fanl\u0131 Do\u00e7. Dr. Mustafa Kalemli Devlet Hastanesi\u2019ne kald\u0131r\u0131larak tedavi alt\u0131na al\u0131nd\u0131.<br \/>\n<br \/>Kamyonet s\u00fcr\u00fcc\u00fcs\u00fc M.A. ile ara\u00e7ta yolcu olarak bulunan V.A. ise Domani\u00e7 \u0130l\u00e7e Devlet Hastanesi\u2019ne sevk edildi.<br \/><\/p>\n","protected":false},"excerpt":{"rendered":"<p>K\u00fctahya\u2019n\u0131n Domani\u00e7 il\u00e7esinde iki arac\u0131n \u00e7arp\u0131\u015fmas\u0131 sonucu meydana gelen trafik kazas\u0131nda 4 ki\u015fi yaraland\u0131. Edinilen bilgilere g\u00f6re, Domani\u00e7 istikametine seyir halinde olan M.A. idaresindeki 06 CIM 026 plakal\u0131 kamyonet ile H.E. y\u00f6netimindeki 43 YD 889 plakal\u0131 otomobil kav\u015fakta \u00e7arp\u0131\u015ft\u0131. Kazan\u0131n ard\u0131ndan yap\u0131lan ihbar \u00fczerine olay yerine emniyet ve sa\u011fl\u0131k ekipleri sevk edildi. Sa\u011fl\u0131k ekipleri taraf\u0131ndan&#8230;<\/p>\n","protected":false},"author":1,"featured_media":77081,"comment_status":"open","ping_status":"open","sticky":false,"template":"","format":"standard","meta":{"_crdt_document":"","footnotes":""},"categories":[5],"tags":[],"class_list":["post-77080","post","type-post","status-publish","format-standard","has-post-thumbnail","hentry","category-asayis"],"_links":{"self":[{"href":"https:\/\/www.egemtv.com\/index.php?rest_route=\/wp\/v2\/posts\/77080","targetHints":{"allow":["GET"]}}],"collection":[{"href":"https:\/\/www.egemtv.com\/index.php?rest_route=\/wp\/v2\/posts"}],"about":[{"href":"https:\/\/www.egemtv.com\/index.php?rest_route=\/wp\/v2\/types\/post"}],"author":[{"embeddable":true,"href":"https:\/\/www.egemtv.com\/index.php?rest_route=\/wp\/v2\/users\/1"}],"replies":[{"embeddable":true,"href":"https:\/\/www.egemtv.com\/index.php?rest_route=%2Fwp%2Fv2%2Fcomments&post=77080"}],"version-history":[{"count":1,"href":"https:\/\/www.egemtv.com\/index.php?rest_route=\/wp\/v2\/posts\/77080\/revisions"}],"predecessor-version":[{"id":77082,"href":"https:\/\/www.egemtv.com\/index.php?rest_route=\/wp\/v2\/posts\/77080\/revisions\/77082"}],"wp:featuredmedia":[{"embeddable":true,"href":"https:\/\/www.egemtv.com\/index.php?rest_route=\/wp\/v2\/media\/77081"}],"wp:attachment":[{"href":"https:\/\/www.egemtv.com\/index.php?rest_route=%2Fwp%2Fv2%2Fmedia&parent=77080"}],"wp:term":[{"taxonomy":"category","embeddable":true,"href":"https:\/\/www.egemtv.com\/index.php?rest_route=%2Fwp%2Fv2%2Fcategories&post=77080"},{"taxonomy":"post_tag","embeddable":true,"href":"https:\/\/www.egemtv.com\/index.php?rest_route=%2Fwp%2Fv2%2Ftags&post=77080"}],"curies":[{"name":"wp","href":"https:\/\/api.w.org\/{rel}","templated":true}]}}