{"id":77077,"date":"2025-12-27T23:35:40","date_gmt":"2025-12-27T20:35:40","guid":{"rendered":"https:\/\/www.egemtv.com\/?p=77077"},"modified":"2025-12-27T23:35:41","modified_gmt":"2025-12-27T20:35:41","slug":"burdurda-oto-boyama-atolyesinde-cikan-yangin-korkuttu","status":"publish","type":"post","link":"https:\/\/www.egemtv.com\/?p=77077","title":{"rendered":"Burdur\u2019da oto boyama at\u00f6lyesinde \u00e7\u0131kan yang\u0131n korkuttu"},"content":{"rendered":"<p>Burdur\u2019da sanayi sitesinde bulunan bir oto boyama at\u00f6lyesinde \u00e7\u0131kan yang\u0131n itfaiye ekipleri taraf\u0131ndan s\u00f6nd\u00fcr\u00fcld\u00fc.<br \/>\n<br \/>Yang\u0131n, saat 22.00 s\u0131ralar\u0131nda Yeni Sanayi Sitesinde bulunan bir oto boyama at\u00f6lyesinde meydana geldi. Edinilen bilgiye g\u00f6re, oto boyama at\u00f6lyesinde hen\u00fcz bilinmeyen bir sebepten yang\u0131n \u00e7\u0131kt\u0131. Dumanlar\u0131 g\u00f6ren \u00e7evredeki vatanda\u015flar\u0131n ihbar\u0131 \u00fczerine adrese itfaiye ve polis ekipleri sevk edildi. K\u0131sa s\u00fcrede adrese gelen itfaiye ekipleri taraf\u0131ndan yang\u0131n kontrol alt\u0131na al\u0131narak s\u00f6nd\u00fcr\u00fcld\u00fc. Yang\u0131nda d\u00fckkanda maddi hasar meydana gelirken yang\u0131n\u0131n \u00e7\u0131k\u0131\u015f nedeni ara\u015ft\u0131r\u0131l\u0131yor.<br \/><\/p>\n","protected":false},"excerpt":{"rendered":"<p>Burdur\u2019da sanayi sitesinde bulunan bir oto boyama at\u00f6lyesinde \u00e7\u0131kan yang\u0131n itfaiye ekipleri taraf\u0131ndan s\u00f6nd\u00fcr\u00fcld\u00fc. Yang\u0131n, saat 22.00 s\u0131ralar\u0131nda Yeni Sanayi Sitesinde bulunan bir oto boyama at\u00f6lyesinde meydana geldi. Edinilen bilgiye g\u00f6re, oto boyama at\u00f6lyesinde hen\u00fcz bilinmeyen bir sebepten yang\u0131n \u00e7\u0131kt\u0131. Dumanlar\u0131 g\u00f6ren \u00e7evredeki vatanda\u015flar\u0131n ihbar\u0131 \u00fczerine adrese itfaiye ve polis ekipleri sevk edildi. K\u0131sa s\u00fcrede&#8230;<\/p>\n","protected":false},"author":1,"featured_media":77078,"comment_status":"open","ping_status":"open","sticky":false,"template":"","format":"standard","meta":{"_crdt_document":"","footnotes":""},"categories":[5],"tags":[],"class_list":["post-77077","post","type-post","status-publish","format-standard","has-post-thumbnail","hentry","category-asayis"],"_links":{"self":[{"href":"https:\/\/www.egemtv.com\/index.php?rest_route=\/wp\/v2\/posts\/77077","targetHints":{"allow":["GET"]}}],"collection":[{"href":"https:\/\/www.egemtv.com\/index.php?rest_route=\/wp\/v2\/posts"}],"about":[{"href":"https:\/\/www.egemtv.com\/index.php?rest_route=\/wp\/v2\/types\/post"}],"author":[{"embeddable":true,"href":"https:\/\/www.egemtv.com\/index.php?rest_route=\/wp\/v2\/users\/1"}],"replies":[{"embeddable":true,"href":"https:\/\/www.egemtv.com\/index.php?rest_route=%2Fwp%2Fv2%2Fcomments&post=77077"}],"version-history":[{"count":1,"href":"https:\/\/www.egemtv.com\/index.php?rest_route=\/wp\/v2\/posts\/77077\/revisions"}],"predecessor-version":[{"id":77079,"href":"https:\/\/www.egemtv.com\/index.php?rest_route=\/wp\/v2\/posts\/77077\/revisions\/77079"}],"wp:featuredmedia":[{"embeddable":true,"href":"https:\/\/www.egemtv.com\/index.php?rest_route=\/wp\/v2\/media\/77078"}],"wp:attachment":[{"href":"https:\/\/www.egemtv.com\/index.php?rest_route=%2Fwp%2Fv2%2Fmedia&parent=77077"}],"wp:term":[{"taxonomy":"category","embeddable":true,"href":"https:\/\/www.egemtv.com\/index.php?rest_route=%2Fwp%2Fv2%2Fcategories&post=77077"},{"taxonomy":"post_tag","embeddable":true,"href":"https:\/\/www.egemtv.com\/index.php?rest_route=%2Fwp%2Fv2%2Ftags&post=77077"}],"curies":[{"name":"wp","href":"https:\/\/api.w.org\/{rel}","templated":true}]}}