{"id":77074,"date":"2025-12-27T22:14:56","date_gmt":"2025-12-27T19:14:56","guid":{"rendered":"https:\/\/www.egemtv.com\/?p=77074"},"modified":"2025-12-27T22:14:56","modified_gmt":"2025-12-27T19:14:56","slug":"bodrumda-yilbasi-hareketliligi-zirveye-ulasti","status":"publish","type":"post","link":"https:\/\/www.egemtv.com\/?p=77074","title":{"rendered":"Bodrum\u2019da y\u0131lba\u015f\u0131 hareketlili\u011fi zirveye ula\u015ft\u0131"},"content":{"rendered":"<p>Mu\u011fla\u2019n\u0131n Bodrum il\u00e7esinde y\u0131lba\u015f\u0131 \u00f6ncesi hareketlilik zirveye ula\u015ft\u0131. \u0130l\u00e7ede otel doluluk oranlar\u0131 y\u00fczde 70\u2019e yakla\u015f\u0131rken, otellerden restoranlara, sahillerden meydanlara kadar bir\u00e7ok noktada y\u0131lba\u015f\u0131 gecesi i\u00e7in e\u011flence programlar\u0131 haz\u0131rland\u0131.<br \/>\n<br \/>Yerli ve yabanc\u0131 turistlerin yo\u011fun ilgi g\u00f6sterdi\u011fi Bodrum\u2019da oteller, \u00f6zel konserler ve organizasyonlarla misafirlerini a\u011f\u0131rlamaya haz\u0131rlan\u0131yor. Restoranlar y\u0131lba\u015f\u0131na \u00f6zel men\u00fcler ve canl\u0131 m\u00fczik programlar\u0131 olu\u015ftururken, e\u011flence mekanlar\u0131nda da gece boyunca s\u00fcrecek etkinlikler planland\u0131. \u0130l\u00e7ede y\u0131lba\u015f\u0131 gecesi hemen her noktada farkl\u0131 programlar uygulanacak. Cadde ve sokaklar rengarenk s\u00fcslemelerle donat\u0131ld\u0131. Bodrum Belediyesi taraf\u0131ndan il\u00e7e meydan\u0131nda kurulan y\u0131lba\u015f\u0131 dekorlar\u0131 ve \u0131\u015f\u0131k g\u00f6sterileri, gece saatlerinde dikkat \u00e7ekti. Ayr\u0131ca 31 Aral\u0131k gecesi Bodrum Belediyesi taraf\u0131ndan Belediye Meydan\u0131\u2019nda Teoman konseri d\u00fczenlenecek. Konserle birlikte Bodrumlular ve tatilciler yeni y\u0131la meydanda girecek. Meydandaki etkinliklerin y\u0131lba\u015f\u0131 gecesine kadar s\u00fcrmesi planlan\u0131yor. Artan yo\u011funluk nedeniyle g\u00fcvenlik \u00f6nlemleri de art\u0131r\u0131ld\u0131. Bodrum \u0130l\u00e7e Emniyet M\u00fcd\u00fcrl\u00fc\u011f\u00fc ve jandarma ekipleri, il\u00e7e giri\u015flerinde ve kalabal\u0131k b\u00f6lgelerde g\u00f6rev yapacak. Sivil polisler ise y\u0131lba\u015f\u0131 gecesi boyunca sahada olacak. \u0130l\u00e7ede 24 saat esas\u0131na g\u00f6re g\u00fcvenlik sa\u011flanacak.<br \/>\n<br \/>Bodrum Otelciler Derne\u011fi Ba\u015fkan\u0131 \u00d6mer Faruk Dengiz, Bodrum\u2019un y\u0131l\u0131n en hareketli d\u00f6nemlerinden birini ya\u015fad\u0131\u011f\u0131n\u0131 belirterek, y\u0131lba\u015f\u0131n\u0131n kent i\u00e7in \u00f6nemli sezonlardan biri oldu\u011funu s\u00f6yledi. Dengiz, Bodrum\u2019da 260\u2019\u0131n \u00fczerinde otelin y\u0131lba\u015f\u0131 i\u00e7in haz\u0131r oldu\u011funu ifade etti. Y\u0131lba\u015f\u0131 d\u00f6neminde ki\u015fi ba\u015f\u0131 g\u00fcnl\u00fck konaklama fiyatlar\u0131n\u0131n 2 bin TL ile 3 bin TL aras\u0131nda de\u011fi\u015fti\u011fini kaydeden Dengiz, hava yoluyla Bodrum\u2019a gelmek isteyenlerin erken rezervasyon yapmas\u0131 gerekti\u011fine dikkat \u00e7ekti. Son dakikaya kal\u0131nmamas\u0131 gerekti\u011fini vurgulayan Dengiz, ge\u00e7en y\u0131l bu nedenle bir\u00e7ok ki\u015finin Bodrum\u2019a kara yoluyla gelmek zorunda kald\u0131\u011f\u0131n\u0131 hat\u0131rlatt\u0131.<br \/>\n<br \/>T\u00dcRSAB Bodrum Ba\u015fkan\u0131 Enver Kantarm\u0131\u015f ise y\u0131lba\u015f\u0131 \u00f6ncesinde talebin her ge\u00e7en g\u00fcn artt\u0131\u011f\u0131n\u0131 s\u00f6yledi. Kantarm\u0131\u015f, belediyenin bu y\u0131l haz\u0131rl\u0131klara erken ba\u015flamas\u0131n\u0131n kentteki hareketlili\u011fi olumlu etkiledi\u011fini ifade etti. Kantarm\u0131\u015f, \u00f6zellikle meydanlarda vatanda\u015flar\u0131n ve ziyaret\u00e7ilerin foto\u011fraf \u00e7ektirdi\u011fini, bunun da Bodrum\u2019a ayr\u0131 bir canl\u0131l\u0131k katt\u0131\u011f\u0131n\u0131 belirterek, ge\u00e7en y\u0131la g\u00f6re daha hareketli bir y\u0131lba\u015f\u0131 s\u00fcreci beklendi\u011fini kaydetti. Yurt d\u0131\u015f\u0131 u\u00e7u\u015f say\u0131lar\u0131nda da art\u0131\u015f oldu\u011funu dile getiren Kantarm\u0131\u015f, y\u0131lba\u015f\u0131 ile birlikte haftal\u0131k u\u00e7u\u015f say\u0131s\u0131n\u0131n 5-6\u2019ya \u00e7\u0131kt\u0131\u011f\u0131n\u0131, aktarmal\u0131 olarak Bodrum\u2019a gelen yabanc\u0131 turistlerin de bulundu\u011funu s\u00f6yledi.<br \/>\n<br \/>\u00d6te yandan, Bodrum Meydan\u0131\u2019nda kurulan y\u0131lba\u015f\u0131 stantlar\u0131 da yo\u011fun ilgi g\u00f6r\u00fcyor. Vatanda\u015flar stantlarda yeme i\u00e7me \u00fcr\u00fcnlerinin yan\u0131 s\u0131ra tak\u0131 ve aksesuar gibi bir\u00e7ok \u00fcr\u00fcne ilgi g\u00f6sterirken, stantlarda yer alan esnaflar yo\u011funlu\u011fun \u015fimdiden ba\u015flad\u0131\u011f\u0131n\u0131 ve y\u0131lba\u015f\u0131na kadar ilginin artmas\u0131n\u0131 beklediklerini ifade etti.<br \/><\/p>\n","protected":false},"excerpt":{"rendered":"<p>Mu\u011fla\u2019n\u0131n Bodrum il\u00e7esinde y\u0131lba\u015f\u0131 \u00f6ncesi hareketlilik zirveye ula\u015ft\u0131. \u0130l\u00e7ede otel doluluk oranlar\u0131 y\u00fczde 70\u2019e yakla\u015f\u0131rken, otellerden restoranlara, sahillerden meydanlara kadar bir\u00e7ok noktada y\u0131lba\u015f\u0131 gecesi i\u00e7in e\u011flence programlar\u0131 haz\u0131rland\u0131. Yerli ve yabanc\u0131 turistlerin yo\u011fun ilgi g\u00f6sterdi\u011fi Bodrum\u2019da oteller, \u00f6zel konserler ve organizasyonlarla misafirlerini a\u011f\u0131rlamaya haz\u0131rlan\u0131yor. Restoranlar y\u0131lba\u015f\u0131na \u00f6zel men\u00fcler ve canl\u0131 m\u00fczik programlar\u0131 olu\u015ftururken, e\u011flence mekanlar\u0131nda&#8230;<\/p>\n","protected":false},"author":1,"featured_media":77075,"comment_status":"open","ping_status":"open","sticky":false,"template":"","format":"standard","meta":{"_crdt_document":"","footnotes":""},"categories":[1],"tags":[],"class_list":["post-77074","post","type-post","status-publish","format-standard","has-post-thumbnail","hentry","category-guncel"],"_links":{"self":[{"href":"https:\/\/www.egemtv.com\/index.php?rest_route=\/wp\/v2\/posts\/77074","targetHints":{"allow":["GET"]}}],"collection":[{"href":"https:\/\/www.egemtv.com\/index.php?rest_route=\/wp\/v2\/posts"}],"about":[{"href":"https:\/\/www.egemtv.com\/index.php?rest_route=\/wp\/v2\/types\/post"}],"author":[{"embeddable":true,"href":"https:\/\/www.egemtv.com\/index.php?rest_route=\/wp\/v2\/users\/1"}],"replies":[{"embeddable":true,"href":"https:\/\/www.egemtv.com\/index.php?rest_route=%2Fwp%2Fv2%2Fcomments&post=77074"}],"version-history":[{"count":1,"href":"https:\/\/www.egemtv.com\/index.php?rest_route=\/wp\/v2\/posts\/77074\/revisions"}],"predecessor-version":[{"id":77076,"href":"https:\/\/www.egemtv.com\/index.php?rest_route=\/wp\/v2\/posts\/77074\/revisions\/77076"}],"wp:featuredmedia":[{"embeddable":true,"href":"https:\/\/www.egemtv.com\/index.php?rest_route=\/wp\/v2\/media\/77075"}],"wp:attachment":[{"href":"https:\/\/www.egemtv.com\/index.php?rest_route=%2Fwp%2Fv2%2Fmedia&parent=77074"}],"wp:term":[{"taxonomy":"category","embeddable":true,"href":"https:\/\/www.egemtv.com\/index.php?rest_route=%2Fwp%2Fv2%2Fcategories&post=77074"},{"taxonomy":"post_tag","embeddable":true,"href":"https:\/\/www.egemtv.com\/index.php?rest_route=%2Fwp%2Fv2%2Ftags&post=77074"}],"curies":[{"name":"wp","href":"https:\/\/api.w.org\/{rel}","templated":true}]}}