{"id":77071,"date":"2025-12-27T21:34:41","date_gmt":"2025-12-27T18:34:41","guid":{"rendered":"https:\/\/www.egemtv.com\/?p=77071"},"modified":"2025-12-27T21:34:42","modified_gmt":"2025-12-27T18:34:42","slug":"aydinsporun-muduru-cami-tuvaletinde-olu-bulundu","status":"publish","type":"post","link":"https:\/\/www.egemtv.com\/?p=77071","title":{"rendered":"Ayd\u0131nspor\u2019un \u2019M\u00fcd\u00fcr\u00fc\u2019 cami tuvaletinde \u00f6l\u00fc bulundu"},"content":{"rendered":"<p>Ayd\u0131n\u2019\u0131n spor camias\u0131nda sevilen isimlerden olan \u2019M\u00fcd\u00fcr\u2019 lakapl\u0131 Nevzat Demircio\u011flu (65), cami tuvaletinde \u00f6l\u00fc bulundu.<br \/>\n<br \/>Olay, Efeler il\u00e7esi Cumhuriyet Mahallesi 1964 Sokak \u00fczerinde bulunan Hac\u0131 Fevzibey Camii\u2019nde meydana geldi. Edinilen bilgiye g\u00f6re tuvaletleri kontrol eden cami g\u00f6revlisi, tuvalette bir ki\u015finin hareketsiz yatt\u0131\u011f\u0131n\u0131 g\u00f6rd\u00fc ve durumu 112 Acil \u00c7a\u011fr\u0131 Merkezi\u2019ne bildirdi. \u0130hbar \u00fczerine b\u00f6lgeye polis ve sa\u011fl\u0131k ekipleri sevk edildi. K\u0131sa s\u00fcrede olay yerine gelen sa\u011fl\u0131k ekipleri, yapt\u0131klar\u0131 incelemede ya\u015fl\u0131 adam\u0131n hayat\u0131n\u0131 kaybetti\u011fini belirledi. Olay yeri inceleme ekiplerince yap\u0131lan \u00e7al\u0131\u015fmalar\u0131n ard\u0131ndan hayat\u0131n\u0131 kaybeden ki\u015finin, Ayd\u0131n spor camias\u0131n\u0131n yak\u0131ndan tan\u0131d\u0131\u011f\u0131 \u2019M\u00fcd\u00fcr\u2019 lakapl\u0131 Nevzat Demircio\u011flu oldu\u011fu tespit edildi. Gerekli \u00e7al\u0131\u015fmalar\u0131n ard\u0131ndan Demircio\u011flu\u2019nun naa\u015f\u0131 Kemer Mezarl\u0131\u011f\u0131 morguna kald\u0131r\u0131l\u0131rken, ilk belirlemelere g\u00f6re Demircio\u011flu\u2019nun kalp krizi nedeniyle hayat\u0131n\u0131 kaybetti\u011fi tahmin ediliyor. Ayd\u0131n\u2019\u0131n spor camias\u0131nda sevilen isimlerinden olan Nevzat M\u00fcd\u00fcr\u2019\u00fcn ani \u00f6l\u00fcm\u00fc ailesi sevenlerini yasa bo\u011farken, olayla ilgili soru\u015fturma ba\u015flat\u0131ld\u0131.<br \/>\n<br \/>Sevdi\u011fi tak\u0131m\u0131n formas\u0131n\u0131 \u00fcst\u00fcnden \u00e7\u0131karmad\u0131<br \/>\n<br \/>\u00d6te yandan bug\u00fcn \u00f6\u011fle saatlerinde \u00e7ok sevdi\u011fi Ayd\u0131nspor\u2019un antrenman\u0131 izlemek i\u00e7in stadyuma gelen Nevzat Demircio\u011flu\u2019na, Ayd\u0131nspor teknik heyeti ve futbolcular taraf\u0131ndan so\u011fuk havalarda \u00fc\u015f\u00fcmemesi i\u00e7in antrenmanda mont hediye edilmi\u015fti. Mont s\u00fcrpriz kar\u015f\u0131s\u0131nda duygulanan Nevzat M\u00fcd\u00fcr ise teknik heyet ve futbolculara te\u015fekk\u00fcr etmi\u015fti.<br \/><\/p>\n","protected":false},"excerpt":{"rendered":"<p>Ayd\u0131n\u2019\u0131n spor camias\u0131nda sevilen isimlerden olan \u2019M\u00fcd\u00fcr\u2019 lakapl\u0131 Nevzat Demircio\u011flu (65), cami tuvaletinde \u00f6l\u00fc bulundu. Olay, Efeler il\u00e7esi Cumhuriyet Mahallesi 1964 Sokak \u00fczerinde bulunan Hac\u0131 Fevzibey Camii\u2019nde meydana geldi. Edinilen bilgiye g\u00f6re tuvaletleri kontrol eden cami g\u00f6revlisi, tuvalette bir ki\u015finin hareketsiz yatt\u0131\u011f\u0131n\u0131 g\u00f6rd\u00fc ve durumu 112 Acil \u00c7a\u011fr\u0131 Merkezi\u2019ne bildirdi. \u0130hbar \u00fczerine b\u00f6lgeye polis ve&#8230;<\/p>\n","protected":false},"author":1,"featured_media":77072,"comment_status":"open","ping_status":"open","sticky":false,"template":"","format":"standard","meta":{"_crdt_document":"","footnotes":""},"categories":[5],"tags":[],"class_list":["post-77071","post","type-post","status-publish","format-standard","has-post-thumbnail","hentry","category-asayis"],"_links":{"self":[{"href":"https:\/\/www.egemtv.com\/index.php?rest_route=\/wp\/v2\/posts\/77071","targetHints":{"allow":["GET"]}}],"collection":[{"href":"https:\/\/www.egemtv.com\/index.php?rest_route=\/wp\/v2\/posts"}],"about":[{"href":"https:\/\/www.egemtv.com\/index.php?rest_route=\/wp\/v2\/types\/post"}],"author":[{"embeddable":true,"href":"https:\/\/www.egemtv.com\/index.php?rest_route=\/wp\/v2\/users\/1"}],"replies":[{"embeddable":true,"href":"https:\/\/www.egemtv.com\/index.php?rest_route=%2Fwp%2Fv2%2Fcomments&post=77071"}],"version-history":[{"count":1,"href":"https:\/\/www.egemtv.com\/index.php?rest_route=\/wp\/v2\/posts\/77071\/revisions"}],"predecessor-version":[{"id":77073,"href":"https:\/\/www.egemtv.com\/index.php?rest_route=\/wp\/v2\/posts\/77071\/revisions\/77073"}],"wp:featuredmedia":[{"embeddable":true,"href":"https:\/\/www.egemtv.com\/index.php?rest_route=\/wp\/v2\/media\/77072"}],"wp:attachment":[{"href":"https:\/\/www.egemtv.com\/index.php?rest_route=%2Fwp%2Fv2%2Fmedia&parent=77071"}],"wp:term":[{"taxonomy":"category","embeddable":true,"href":"https:\/\/www.egemtv.com\/index.php?rest_route=%2Fwp%2Fv2%2Fcategories&post=77071"},{"taxonomy":"post_tag","embeddable":true,"href":"https:\/\/www.egemtv.com\/index.php?rest_route=%2Fwp%2Fv2%2Ftags&post=77071"}],"curies":[{"name":"wp","href":"https:\/\/api.w.org\/{rel}","templated":true}]}}