{"id":77068,"date":"2025-12-27T21:34:40","date_gmt":"2025-12-27T18:34:40","guid":{"rendered":"https:\/\/www.egemtv.com\/?p=77068"},"modified":"2025-12-27T21:34:41","modified_gmt":"2025-12-27T18:34:41","slug":"demircide-kar-nedeniyle-yolda-mahsur-kalan-3-avci-kurtarildi","status":"publish","type":"post","link":"https:\/\/www.egemtv.com\/?p=77068","title":{"rendered":"Demirci\u2019de kar nedeniyle yolda mahsur kalan 3 avc\u0131 kurtar\u0131ld\u0131"},"content":{"rendered":"<p>Manisa\u2019n\u0131n Demirci il\u00e7esinde da\u011fl\u0131k alanda avlanmaya \u00e7\u0131kan 3 ki\u015fi, yo\u011fun kar nedeniyle ara\u00e7lar\u0131yla mahsur kald\u0131. Demirci Belediyesi Arama Kurtarma ekiplerinin yakla\u015f\u0131k 2 saat s\u00fcren \u00e7al\u0131\u015fmas\u0131 sonucu avc\u0131lar kurtar\u0131ld\u0131.<br \/>\n<br \/>Ala\u015fehir Avc\u0131lar ve At\u0131c\u0131lar Kul\u00fcb\u00fc\u2019n\u00fcn eski ba\u015fkan\u0131 Murat Y\u0131lmaz ile beraberindeki \u0130smail Gelin ve \u00c7a\u011flar G\u00f6kkaya, karl\u0131 havada av yapmak i\u00e7in Demirci Da\u011f\u0131\u2019na geldi. 1530 rak\u0131ml\u0131 H\u0131\u015f\u0131rca Kaya mevkiinde yo\u011fun kar ya\u011f\u0131\u015f\u0131 nedeniyle ara\u00e7lar\u0131yla yolda kalan avc\u0131lar, Demirci Belediyesi\u2019nden yard\u0131m talebinde bulundu.<br \/>\n<br \/>\u0130hbar \u00fczerine harekete ge\u00e7en 5 ki\u015filik Demirci Belediyesi Arama Kurtarma Timi, 45 kilometre mesafede zorlu arazi ve olumsuz hava \u015fartlar\u0131na ra\u011fmen b\u00f6lgeye ula\u015ft\u0131. Mahsur kalan avc\u0131lar\u0131n arac\u0131, halat yard\u0131m\u0131yla \u00e7ekilerek bulundu\u011fu yerden \u00e7\u0131kar\u0131ld\u0131.<br \/>\n<br \/>Yakla\u015f\u0131k 2 saat s\u00fcren \u00e7al\u0131\u015fman\u0131n ard\u0131ndan avc\u0131lar ve ara\u00e7lar\u0131 g\u00fcvenli b\u00f6lgeye al\u0131n\u0131rken, herhangi bir yaralanma ya\u015fanmad\u0131\u011f\u0131 \u00f6\u011frenildi.<br \/>\n<br \/>Murat Y\u0131lmaz, &#8220;Karl\u0131 havada av i\u00e7in Demirci da\u011f\u0131na geldik. Arac\u0131m\u0131z ile mahsur kald\u0131k. Demirci Belediyesine ula\u015ft\u0131k. Ekipler ula\u015ft\u0131 bizi bulundu\u011fumuz yerden kurtard\u0131lar. Demirci Belediye Ba\u015fkan\u0131 ve ekibine te\u015fekk\u00fcr ediyorum&#8221; dedi.<br \/>\n<br \/>Yetkililer, k\u0131\u015f \u015fartlar\u0131nda da\u011fl\u0131k ve y\u00fcksek rak\u0131ml\u0131 b\u00f6lgelerde vatanda\u015flar\u0131n daha dikkatli olmalar\u0131 ve gerekli tedbirleri almadan yola \u00e7\u0131kmamalar\u0131 konusunda uyar\u0131larda bulundu.<br \/><\/p>\n","protected":false},"excerpt":{"rendered":"<p>Manisa\u2019n\u0131n Demirci il\u00e7esinde da\u011fl\u0131k alanda avlanmaya \u00e7\u0131kan 3 ki\u015fi, yo\u011fun kar nedeniyle ara\u00e7lar\u0131yla mahsur kald\u0131. Demirci Belediyesi Arama Kurtarma ekiplerinin yakla\u015f\u0131k 2 saat s\u00fcren \u00e7al\u0131\u015fmas\u0131 sonucu avc\u0131lar kurtar\u0131ld\u0131. Ala\u015fehir Avc\u0131lar ve At\u0131c\u0131lar Kul\u00fcb\u00fc\u2019n\u00fcn eski ba\u015fkan\u0131 Murat Y\u0131lmaz ile beraberindeki \u0130smail Gelin ve \u00c7a\u011flar G\u00f6kkaya, karl\u0131 havada av yapmak i\u00e7in Demirci Da\u011f\u0131\u2019na geldi. 1530 rak\u0131ml\u0131 H\u0131\u015f\u0131rca&#8230;<\/p>\n","protected":false},"author":1,"featured_media":77069,"comment_status":"open","ping_status":"open","sticky":false,"template":"","format":"standard","meta":{"_crdt_document":"","footnotes":""},"categories":[1],"tags":[],"class_list":["post-77068","post","type-post","status-publish","format-standard","has-post-thumbnail","hentry","category-guncel"],"_links":{"self":[{"href":"https:\/\/www.egemtv.com\/index.php?rest_route=\/wp\/v2\/posts\/77068","targetHints":{"allow":["GET"]}}],"collection":[{"href":"https:\/\/www.egemtv.com\/index.php?rest_route=\/wp\/v2\/posts"}],"about":[{"href":"https:\/\/www.egemtv.com\/index.php?rest_route=\/wp\/v2\/types\/post"}],"author":[{"embeddable":true,"href":"https:\/\/www.egemtv.com\/index.php?rest_route=\/wp\/v2\/users\/1"}],"replies":[{"embeddable":true,"href":"https:\/\/www.egemtv.com\/index.php?rest_route=%2Fwp%2Fv2%2Fcomments&post=77068"}],"version-history":[{"count":1,"href":"https:\/\/www.egemtv.com\/index.php?rest_route=\/wp\/v2\/posts\/77068\/revisions"}],"predecessor-version":[{"id":77070,"href":"https:\/\/www.egemtv.com\/index.php?rest_route=\/wp\/v2\/posts\/77068\/revisions\/77070"}],"wp:featuredmedia":[{"embeddable":true,"href":"https:\/\/www.egemtv.com\/index.php?rest_route=\/wp\/v2\/media\/77069"}],"wp:attachment":[{"href":"https:\/\/www.egemtv.com\/index.php?rest_route=%2Fwp%2Fv2%2Fmedia&parent=77068"}],"wp:term":[{"taxonomy":"category","embeddable":true,"href":"https:\/\/www.egemtv.com\/index.php?rest_route=%2Fwp%2Fv2%2Fcategories&post=77068"},{"taxonomy":"post_tag","embeddable":true,"href":"https:\/\/www.egemtv.com\/index.php?rest_route=%2Fwp%2Fv2%2Ftags&post=77068"}],"curies":[{"name":"wp","href":"https:\/\/api.w.org\/{rel}","templated":true}]}}