{"id":77059,"date":"2025-12-27T17:54:44","date_gmt":"2025-12-27T14:54:44","guid":{"rendered":"https:\/\/www.egemtv.com\/?p=77059"},"modified":"2025-12-27T17:54:45","modified_gmt":"2025-12-27T14:54:45","slug":"domanic-inegol-karayolunda-uc-ayri-kaza-5-aracta-maddi-hasar-olustu","status":"publish","type":"post","link":"https:\/\/www.egemtv.com\/?p=77059","title":{"rendered":"Domani\u00e7-\u0130neg\u00f6l karayolunda \u00fc\u00e7 ayr\u0131 kaza: 5 ara\u00e7ta maddi hasar olu\u015ftu"},"content":{"rendered":"<p>K\u00fctahya\u2019n\u0131n Domani\u00e7 il\u00e7esi ile \u0130neg\u00f6l\u2019\u00fc birbirine ba\u011flayan karayolunda kar ya\u011f\u0131\u015f\u0131 nedeniyle meydana gelen trafik kazalar\u0131nda 5 ara\u00e7ta a\u011f\u0131r hasar olu\u015ftu.<br \/>\n<br \/>Edinilen bilgilere g\u00f6re, Domani\u00e7 il\u00e7esi ile \u0130neg\u00f6l\u2019\u00fc birbirine ba\u011flayan karayolunda virajl\u0131 yolda kayganla\u015fan zeminde ayn\u0131 noktada iki ayr\u0131 trafik kazas\u0131 ya\u015fand\u0131. \u0130lk kazada kayan bir ara\u00e7, \u00f6n\u00fcndeki ara\u00e7la birlikte yol kenar\u0131na savruldu. Olay yerinden ge\u00e7mekte olan bir ekip arac\u0131, yard\u0131m amac\u0131yla durdu\u011fu s\u0131rada, yukar\u0131 istikametten kar nedeniyle kayarak gelen ba\u015fka bir ara\u00e7 kontrol\u00fcn\u00fc kaybederek yol kenar\u0131nda bulunan ekip arac\u0131na \u00e7arpt\u0131.<br \/>\n<br \/>Ayn\u0131 virajda meydana gelen \u00fc\u00e7\u00fcnc\u00fc kazada ise bir ara\u00e7 \u015farampole kayarak kara sapland\u0131. Toplamda 5 arac\u0131n kar\u0131\u015ft\u0131\u011f\u0131 kazalarda, ara\u00e7larda a\u011f\u0131r hasar meydana gelirken, olaylarda herhangi bir yaralanma ya\u015fanmad\u0131.<br \/>\n<br \/>Yetkililer, s\u00fcr\u00fcc\u00fcleri \u00f6zellikle Domani\u00e7-\u0130neg\u00f6l Karayolu\u2019nun virajl\u0131 ve heyelan riski bulunan kesimlerinde dikkatli olmalar\u0131 ve k\u0131\u015f lasti\u011fi olmadan trafi\u011fe \u00e7\u0131kmamalar\u0131 konusunda uyard\u0131.<br \/><\/p>\n","protected":false},"excerpt":{"rendered":"<p>K\u00fctahya\u2019n\u0131n Domani\u00e7 il\u00e7esi ile \u0130neg\u00f6l\u2019\u00fc birbirine ba\u011flayan karayolunda kar ya\u011f\u0131\u015f\u0131 nedeniyle meydana gelen trafik kazalar\u0131nda 5 ara\u00e7ta a\u011f\u0131r hasar olu\u015ftu. Edinilen bilgilere g\u00f6re, Domani\u00e7 il\u00e7esi ile \u0130neg\u00f6l\u2019\u00fc birbirine ba\u011flayan karayolunda virajl\u0131 yolda kayganla\u015fan zeminde ayn\u0131 noktada iki ayr\u0131 trafik kazas\u0131 ya\u015fand\u0131. \u0130lk kazada kayan bir ara\u00e7, \u00f6n\u00fcndeki ara\u00e7la birlikte yol kenar\u0131na savruldu. Olay yerinden ge\u00e7mekte&#8230;<\/p>\n","protected":false},"author":1,"featured_media":77060,"comment_status":"open","ping_status":"open","sticky":false,"template":"","format":"standard","meta":{"_crdt_document":"","footnotes":""},"categories":[5],"tags":[],"class_list":["post-77059","post","type-post","status-publish","format-standard","has-post-thumbnail","hentry","category-asayis"],"_links":{"self":[{"href":"https:\/\/www.egemtv.com\/index.php?rest_route=\/wp\/v2\/posts\/77059","targetHints":{"allow":["GET"]}}],"collection":[{"href":"https:\/\/www.egemtv.com\/index.php?rest_route=\/wp\/v2\/posts"}],"about":[{"href":"https:\/\/www.egemtv.com\/index.php?rest_route=\/wp\/v2\/types\/post"}],"author":[{"embeddable":true,"href":"https:\/\/www.egemtv.com\/index.php?rest_route=\/wp\/v2\/users\/1"}],"replies":[{"embeddable":true,"href":"https:\/\/www.egemtv.com\/index.php?rest_route=%2Fwp%2Fv2%2Fcomments&post=77059"}],"version-history":[{"count":1,"href":"https:\/\/www.egemtv.com\/index.php?rest_route=\/wp\/v2\/posts\/77059\/revisions"}],"predecessor-version":[{"id":77061,"href":"https:\/\/www.egemtv.com\/index.php?rest_route=\/wp\/v2\/posts\/77059\/revisions\/77061"}],"wp:featuredmedia":[{"embeddable":true,"href":"https:\/\/www.egemtv.com\/index.php?rest_route=\/wp\/v2\/media\/77060"}],"wp:attachment":[{"href":"https:\/\/www.egemtv.com\/index.php?rest_route=%2Fwp%2Fv2%2Fmedia&parent=77059"}],"wp:term":[{"taxonomy":"category","embeddable":true,"href":"https:\/\/www.egemtv.com\/index.php?rest_route=%2Fwp%2Fv2%2Fcategories&post=77059"},{"taxonomy":"post_tag","embeddable":true,"href":"https:\/\/www.egemtv.com\/index.php?rest_route=%2Fwp%2Fv2%2Ftags&post=77059"}],"curies":[{"name":"wp","href":"https:\/\/api.w.org\/{rel}","templated":true}]}}