{"id":77056,"date":"2025-12-27T17:54:43","date_gmt":"2025-12-27T14:54:43","guid":{"rendered":"https:\/\/www.egemtv.com\/?p=77056"},"modified":"2025-12-27T17:54:44","modified_gmt":"2025-12-27T14:54:44","slug":"belediyeden-cocuklara-yonelik-yilbasi-atolyesi","status":"publish","type":"post","link":"https:\/\/www.egemtv.com\/?p=77056","title":{"rendered":"Belediyeden \u00e7ocuklara y\u00f6nelik y\u0131lba\u015f\u0131 at\u00f6lyesi"},"content":{"rendered":"<p>Bodrum Belediyesi Kad\u0131n ve Aile Hizmetleri M\u00fcd\u00fcrl\u00fc\u011f\u00fc taraf\u0131ndan \u00e7ocuklara y\u00f6nelik Y\u0131lba\u015f\u0131 At\u00f6lyesi d\u00fczenlendi.<\/p>\n<p>Yeni y\u0131l co\u015fkusunun payla\u015f\u0131ld\u0131\u011f\u0131 Y\u0131lba\u015f\u0131 At\u00f6lyeleri, Bodrum Belediyesi K\u00fclt\u00fcr Sosyal \u0130\u015fler M\u00fcd\u00fcrl\u00fc\u011f\u00fc b\u00fcnyesindeki k\u00fct\u00fcphanelerde ger\u00e7ekle\u015ftirildi. At\u00f6lyelere kat\u0131lan Bodrum Belediye Ba\u015fkan Yard\u0131mc\u0131s\u0131 \u0130lknur \u00dclk\u00fcm Sefero\u011flu, \u00e7ocuklarla yak\u0131ndan ilgilendi. \u0130lknur \u00dclk\u00fcm Sefero\u011flu\u2019na Kad\u0131n ve Aile Hizmetleri M\u00fcd\u00fcr\u00fc G\u00f6zde \u00c7ak\u0131ro\u011flu ile m\u00fcd\u00fcrl\u00fck personelleri de e\u015flik etti. At\u00f6lye \u00e7al\u0131\u015fmalar\u0131nda \u00e7ocuklar, oyun, merak ve ke\u015fif odakl\u0131 etkinliklerle hem e\u011flendi hem de kendilerini geli\u015ftirdi. Yeni y\u0131l temas\u0131yla haz\u0131rlanan etkinlikler, \u00e7ocuklar\u0131n hayal g\u00fc\u00e7lerini desteklerken el becerilerinin geli\u015fmesine katk\u0131 sa\u011flad\u0131.<\/p>\n<p>D\u00fczenlenen at\u00f6lyeler, \u00e7ocuklar\u0131n sosyalle\u015fmesini desteklerken, birlikte \u00fcretme, payla\u015fma ve grup i\u00e7inde hareket etme becerilerini g\u00fc\u00e7lendirdi. K\u00fct\u00fcphane ortam\u0131nda ger\u00e7ekle\u015ftirilen etkinlikler, \u00e7ocuklar\u0131n \u00f6\u011frenme s\u00fcre\u00e7lerine de farkl\u0131 bir bak\u0131\u015f a\u00e7\u0131s\u0131 kazand\u0131rd\u0131. Program sonunda \u00e7ocuklara kat\u0131l\u0131m sertifikalar\u0131 verilirken, aileler de \u00e7ocuklar\u0131n\u0131n hem e\u011flenerek \u00f6\u011frenmelerini hem de g\u00fcvenli bir ortamda sosyal beceriler kazanmalar\u0131n\u0131 sa\u011flayan bu t\u00fcr etkinliklerin devam etmesini istediklerini belirtti. Bodrum Belediyesi Kad\u0131n ve Aile Hizmetleri M\u00fcd\u00fcrl\u00fc\u011f\u00fc, \u00e7ocuklara y\u00f6nelik sosyal, k\u00fclt\u00fcrel ve e\u011fitici etkinlikleri \u00f6n\u00fcm\u00fczdeki d\u00f6nemde de s\u00fcrd\u00fcrmeyi hedefliyor.<br \/><\/p>\n","protected":false},"excerpt":{"rendered":"<p>Bodrum Belediyesi Kad\u0131n ve Aile Hizmetleri M\u00fcd\u00fcrl\u00fc\u011f\u00fc taraf\u0131ndan \u00e7ocuklara y\u00f6nelik Y\u0131lba\u015f\u0131 At\u00f6lyesi d\u00fczenlendi. Yeni y\u0131l co\u015fkusunun payla\u015f\u0131ld\u0131\u011f\u0131 Y\u0131lba\u015f\u0131 At\u00f6lyeleri, Bodrum Belediyesi K\u00fclt\u00fcr Sosyal \u0130\u015fler M\u00fcd\u00fcrl\u00fc\u011f\u00fc b\u00fcnyesindeki k\u00fct\u00fcphanelerde ger\u00e7ekle\u015ftirildi. At\u00f6lyelere kat\u0131lan Bodrum Belediye Ba\u015fkan Yard\u0131mc\u0131s\u0131 \u0130lknur \u00dclk\u00fcm Sefero\u011flu, \u00e7ocuklarla yak\u0131ndan ilgilendi. \u0130lknur \u00dclk\u00fcm Sefero\u011flu\u2019na Kad\u0131n ve Aile Hizmetleri M\u00fcd\u00fcr\u00fc G\u00f6zde \u00c7ak\u0131ro\u011flu ile m\u00fcd\u00fcrl\u00fck personelleri de e\u015flik&#8230;<\/p>\n","protected":false},"author":1,"featured_media":77057,"comment_status":"open","ping_status":"open","sticky":false,"template":"","format":"standard","meta":{"_crdt_document":"","footnotes":""},"categories":[1],"tags":[],"class_list":["post-77056","post","type-post","status-publish","format-standard","has-post-thumbnail","hentry","category-guncel"],"_links":{"self":[{"href":"https:\/\/www.egemtv.com\/index.php?rest_route=\/wp\/v2\/posts\/77056","targetHints":{"allow":["GET"]}}],"collection":[{"href":"https:\/\/www.egemtv.com\/index.php?rest_route=\/wp\/v2\/posts"}],"about":[{"href":"https:\/\/www.egemtv.com\/index.php?rest_route=\/wp\/v2\/types\/post"}],"author":[{"embeddable":true,"href":"https:\/\/www.egemtv.com\/index.php?rest_route=\/wp\/v2\/users\/1"}],"replies":[{"embeddable":true,"href":"https:\/\/www.egemtv.com\/index.php?rest_route=%2Fwp%2Fv2%2Fcomments&post=77056"}],"version-history":[{"count":1,"href":"https:\/\/www.egemtv.com\/index.php?rest_route=\/wp\/v2\/posts\/77056\/revisions"}],"predecessor-version":[{"id":77058,"href":"https:\/\/www.egemtv.com\/index.php?rest_route=\/wp\/v2\/posts\/77056\/revisions\/77058"}],"wp:featuredmedia":[{"embeddable":true,"href":"https:\/\/www.egemtv.com\/index.php?rest_route=\/wp\/v2\/media\/77057"}],"wp:attachment":[{"href":"https:\/\/www.egemtv.com\/index.php?rest_route=%2Fwp%2Fv2%2Fmedia&parent=77056"}],"wp:term":[{"taxonomy":"category","embeddable":true,"href":"https:\/\/www.egemtv.com\/index.php?rest_route=%2Fwp%2Fv2%2Fcategories&post=77056"},{"taxonomy":"post_tag","embeddable":true,"href":"https:\/\/www.egemtv.com\/index.php?rest_route=%2Fwp%2Fv2%2Ftags&post=77056"}],"curies":[{"name":"wp","href":"https:\/\/api.w.org\/{rel}","templated":true}]}}