{"id":77053,"date":"2025-12-27T17:14:45","date_gmt":"2025-12-27T14:14:45","guid":{"rendered":"https:\/\/www.egemtv.com\/?p=77053"},"modified":"2025-12-27T17:14:45","modified_gmt":"2025-12-27T14:14:45","slug":"buyuksehir-ekipleri-acarlar-halini-temizledi","status":"publish","type":"post","link":"https:\/\/www.egemtv.com\/?p=77053","title":{"rendered":"B\u00fcy\u00fck\u015fehir ekipleri Acarlar Hali\u2019ni temizledi"},"content":{"rendered":"<p>Ayd\u0131n B\u00fcy\u00fck\u015fehir Belediyesi taraf\u0131ndan kentin d\u00f6rt bir yan\u0131nda hayata ge\u00e7irilen \u00e7al\u0131\u015fmalar devam ediyor.<br \/>\n<br \/>Ayd\u0131n B\u00fcy\u00fck\u015fehir Belediyesi \u00c7evre Koruma ve Kontrol Dairesi Ba\u015fkanl\u0131\u011f\u0131 ekipleri, \u0130ncirliova il\u00e7esinde bulunan Acarlar Hali\u2019nde kapsaml\u0131 temizlik \u00e7al\u0131\u015fmas\u0131 ger\u00e7ekle\u015ftirdi. Hal esnaf\u0131n\u0131n yo\u011fun olarak kulland\u0131\u011f\u0131 alanlarda yap\u0131lan \u00e7al\u0131\u015fmalarla hem hijyen \u015fartlar\u0131 iyile\u015ftirildi hem de \u00e7evre kirlili\u011finin \u00f6n\u00fcne ge\u00e7ildi. B\u00fcy\u00fck\u015fehir Belediyesi ekipleri taraf\u0131ndan y\u00fcr\u00fct\u00fclen \u00e7al\u0131\u015fmalarda, hal i\u00e7i ve \u00e7evresinde y\u0131kama ve s\u00fcp\u00fcrme i\u015flemleri titizlikle yap\u0131ld\u0131. Ger\u00e7ekle\u015ftirilen temizlik \u00e7al\u0131\u015fmas\u0131ndan duyduklar\u0131 memnuniyeti dile getiren Acarlar Hali esnaf\u0131, Ayd\u0131n B\u00fcy\u00fck\u015fehir Belediye Ba\u015fkan\u0131 \u00d6zlem \u00c7er\u00e7io\u011flu\u2019na te\u015fekk\u00fcr etti. Esnaf, halin daha temiz ve sa\u011fl\u0131kl\u0131 bir g\u00f6r\u00fcn\u00fcme kavu\u015fmas\u0131n\u0131n hem \u00e7al\u0131\u015fma \u015fartlar\u0131n\u0131 iyile\u015ftirdi\u011fini hem de m\u00fc\u015fteri memnuniyetini artt\u0131rd\u0131\u011f\u0131n\u0131 ifade etti.<br \/><\/p>\n","protected":false},"excerpt":{"rendered":"<p>Ayd\u0131n B\u00fcy\u00fck\u015fehir Belediyesi taraf\u0131ndan kentin d\u00f6rt bir yan\u0131nda hayata ge\u00e7irilen \u00e7al\u0131\u015fmalar devam ediyor. Ayd\u0131n B\u00fcy\u00fck\u015fehir Belediyesi \u00c7evre Koruma ve Kontrol Dairesi Ba\u015fkanl\u0131\u011f\u0131 ekipleri, \u0130ncirliova il\u00e7esinde bulunan Acarlar Hali\u2019nde kapsaml\u0131 temizlik \u00e7al\u0131\u015fmas\u0131 ger\u00e7ekle\u015ftirdi. Hal esnaf\u0131n\u0131n yo\u011fun olarak kulland\u0131\u011f\u0131 alanlarda yap\u0131lan \u00e7al\u0131\u015fmalarla hem hijyen \u015fartlar\u0131 iyile\u015ftirildi hem de \u00e7evre kirlili\u011finin \u00f6n\u00fcne ge\u00e7ildi. B\u00fcy\u00fck\u015fehir Belediyesi ekipleri taraf\u0131ndan y\u00fcr\u00fct\u00fclen&#8230;<\/p>\n","protected":false},"author":1,"featured_media":77054,"comment_status":"open","ping_status":"open","sticky":false,"template":"","format":"standard","meta":{"_crdt_document":"","footnotes":""},"categories":[1],"tags":[],"class_list":["post-77053","post","type-post","status-publish","format-standard","has-post-thumbnail","hentry","category-guncel"],"_links":{"self":[{"href":"https:\/\/www.egemtv.com\/index.php?rest_route=\/wp\/v2\/posts\/77053","targetHints":{"allow":["GET"]}}],"collection":[{"href":"https:\/\/www.egemtv.com\/index.php?rest_route=\/wp\/v2\/posts"}],"about":[{"href":"https:\/\/www.egemtv.com\/index.php?rest_route=\/wp\/v2\/types\/post"}],"author":[{"embeddable":true,"href":"https:\/\/www.egemtv.com\/index.php?rest_route=\/wp\/v2\/users\/1"}],"replies":[{"embeddable":true,"href":"https:\/\/www.egemtv.com\/index.php?rest_route=%2Fwp%2Fv2%2Fcomments&post=77053"}],"version-history":[{"count":1,"href":"https:\/\/www.egemtv.com\/index.php?rest_route=\/wp\/v2\/posts\/77053\/revisions"}],"predecessor-version":[{"id":77055,"href":"https:\/\/www.egemtv.com\/index.php?rest_route=\/wp\/v2\/posts\/77053\/revisions\/77055"}],"wp:featuredmedia":[{"embeddable":true,"href":"https:\/\/www.egemtv.com\/index.php?rest_route=\/wp\/v2\/media\/77054"}],"wp:attachment":[{"href":"https:\/\/www.egemtv.com\/index.php?rest_route=%2Fwp%2Fv2%2Fmedia&parent=77053"}],"wp:term":[{"taxonomy":"category","embeddable":true,"href":"https:\/\/www.egemtv.com\/index.php?rest_route=%2Fwp%2Fv2%2Fcategories&post=77053"},{"taxonomy":"post_tag","embeddable":true,"href":"https:\/\/www.egemtv.com\/index.php?rest_route=%2Fwp%2Fv2%2Ftags&post=77053"}],"curies":[{"name":"wp","href":"https:\/\/api.w.org\/{rel}","templated":true}]}}