{"id":77050,"date":"2025-12-27T16:54:46","date_gmt":"2025-12-27T13:54:46","guid":{"rendered":"https:\/\/www.egemtv.com\/?p=77050"},"modified":"2025-12-27T16:54:48","modified_gmt":"2025-12-27T13:54:48","slug":"sokede-evin-aspiratorunden-cikan-yangin-korkuttu","status":"publish","type":"post","link":"https:\/\/www.egemtv.com\/?p=77050","title":{"rendered":"S\u00f6ke\u2019de evin aspirat\u00f6r\u00fcnden \u00e7\u0131kan yang\u0131n korkuttu"},"content":{"rendered":"<p>Ayd\u0131n\u2019\u0131n S\u00f6ke il\u00e7esinde bir evin aspirat\u00f6r\u00fcnden \u00e7\u0131kan yang\u0131n ks\u0131a s\u00fcrede kontrol alt\u0131na al\u0131nd\u0131.<\/p>\n<p>Yang\u0131n, S\u00f6ke il\u00e7esi Atat\u00fcrk Mahallesi Tamer Sokak\u2019ta bulunan bir binan\u0131n \u00fc\u00e7\u00fcnc\u00fc kat\u0131nda meydana geldi. Edinilen bilgiye g\u00f6re evin mutfak b\u00f6l\u00fcm\u00fcnde aspirat\u00f6rden kaynakland\u0131\u011f\u0131 belirlenen yang\u0131n \u00e7\u0131kt\u0131. \u0130hbar \u00fczerine olay yerine itfaiye, sa\u011fl\u0131k ve polis ekipleri sevk edildi. \u0130tfaiye ekiplerinin h\u0131zl\u0131 m\u00fcdahalesiyle yang\u0131n k\u0131sa s\u00fcrede kontrol alt\u0131na al\u0131narak s\u00f6nd\u00fcr\u00fcld\u00fc. Olayda can kayb\u0131 ya da yaralanma ya\u015fanmad\u0131\u011f\u0131 \u00f6\u011frenildi. Olayla ilgili inceleme ba\u015flat\u0131ld\u0131.<br \/><\/p>\n","protected":false},"excerpt":{"rendered":"<p>Ayd\u0131n\u2019\u0131n S\u00f6ke il\u00e7esinde bir evin aspirat\u00f6r\u00fcnden \u00e7\u0131kan yang\u0131n ks\u0131a s\u00fcrede kontrol alt\u0131na al\u0131nd\u0131. Yang\u0131n, S\u00f6ke il\u00e7esi Atat\u00fcrk Mahallesi Tamer Sokak\u2019ta bulunan bir binan\u0131n \u00fc\u00e7\u00fcnc\u00fc kat\u0131nda meydana geldi. Edinilen bilgiye g\u00f6re evin mutfak b\u00f6l\u00fcm\u00fcnde aspirat\u00f6rden kaynakland\u0131\u011f\u0131 belirlenen yang\u0131n \u00e7\u0131kt\u0131. \u0130hbar \u00fczerine olay yerine itfaiye, sa\u011fl\u0131k ve polis ekipleri sevk edildi. \u0130tfaiye ekiplerinin h\u0131zl\u0131 m\u00fcdahalesiyle yang\u0131n k\u0131sa&#8230;<\/p>\n","protected":false},"author":1,"featured_media":77051,"comment_status":"open","ping_status":"open","sticky":false,"template":"","format":"standard","meta":{"_crdt_document":"","footnotes":""},"categories":[5],"tags":[],"class_list":["post-77050","post","type-post","status-publish","format-standard","has-post-thumbnail","hentry","category-asayis"],"_links":{"self":[{"href":"https:\/\/www.egemtv.com\/index.php?rest_route=\/wp\/v2\/posts\/77050","targetHints":{"allow":["GET"]}}],"collection":[{"href":"https:\/\/www.egemtv.com\/index.php?rest_route=\/wp\/v2\/posts"}],"about":[{"href":"https:\/\/www.egemtv.com\/index.php?rest_route=\/wp\/v2\/types\/post"}],"author":[{"embeddable":true,"href":"https:\/\/www.egemtv.com\/index.php?rest_route=\/wp\/v2\/users\/1"}],"replies":[{"embeddable":true,"href":"https:\/\/www.egemtv.com\/index.php?rest_route=%2Fwp%2Fv2%2Fcomments&post=77050"}],"version-history":[{"count":1,"href":"https:\/\/www.egemtv.com\/index.php?rest_route=\/wp\/v2\/posts\/77050\/revisions"}],"predecessor-version":[{"id":77052,"href":"https:\/\/www.egemtv.com\/index.php?rest_route=\/wp\/v2\/posts\/77050\/revisions\/77052"}],"wp:featuredmedia":[{"embeddable":true,"href":"https:\/\/www.egemtv.com\/index.php?rest_route=\/wp\/v2\/media\/77051"}],"wp:attachment":[{"href":"https:\/\/www.egemtv.com\/index.php?rest_route=%2Fwp%2Fv2%2Fmedia&parent=77050"}],"wp:term":[{"taxonomy":"category","embeddable":true,"href":"https:\/\/www.egemtv.com\/index.php?rest_route=%2Fwp%2Fv2%2Fcategories&post=77050"},{"taxonomy":"post_tag","embeddable":true,"href":"https:\/\/www.egemtv.com\/index.php?rest_route=%2Fwp%2Fv2%2Ftags&post=77050"}],"curies":[{"name":"wp","href":"https:\/\/api.w.org\/{rel}","templated":true}]}}