{"id":77047,"date":"2025-12-27T16:34:50","date_gmt":"2025-12-27T13:34:50","guid":{"rendered":"https:\/\/www.egemtv.com\/?p=77047"},"modified":"2025-12-27T16:34:51","modified_gmt":"2025-12-27T13:34:51","slug":"caner-atasever-yeniden-aydin-buyuksehir-belediyesporda","status":"publish","type":"post","link":"https:\/\/www.egemtv.com\/?p=77047","title":{"rendered":"Caner Atasever yeniden Ayd\u0131n B\u00fcy\u00fck\u015fehir Belediyespor\u2019da"},"content":{"rendered":"<p>Ayd\u0131n B\u00fcy\u00fck\u015fehir Belediyespor, kondisyoner Caner Atasever ile yeniden anla\u015fmaya vard\u0131\u011f\u0131n\u0131 a\u00e7\u0131klad\u0131.<br \/>\n<br \/>1989 do\u011fumlu Atasever, daha \u00f6nce de kul\u00fcpte g\u00f6rev yaparken son olarak Sultanlar Ligi ekiplerinden G\u00f6ztepe\u2019de kondisyonerlik yapt\u0131. Kariyerinde Kar\u015f\u0131yaka, Seramiksan, Nil\u00fcfer Belediyespor, Fenerbah\u00e7e, CSM Bucure\u015fti, Ye\u015filyurt gibi \u00f6nemli kul\u00fcplerde g\u00f6rev alan deneyimli kondisyoner, yeniden Ayd\u0131n B\u00fcy\u00fck\u015fehir Belediyespor teknik ekibine kat\u0131ld\u0131. Alt ya\u015f kategorileri ve A Milli Tak\u0131m d\u00fczeyinde de kondisyonerlik g\u00f6revlerinde bulunan Caner Atasever\u2019in, tecr\u00fcbesiyle yeni sezonda tak\u0131ma \u00f6nemli katk\u0131 sa\u011flamas\u0131 bekleniyor.<br \/>\n<br \/>\u00d6te yandan Ayd\u0131n B\u00fcy\u00fck\u015fehir Belediyespor, kul\u00fcpte daha \u00f6nce g\u00f6rev yapan kondisyoner Onur \u00c7oban\u2019a verdi\u011fi emek ve katk\u0131lar dolay\u0131s\u0131yla te\u015fekk\u00fcr ederken, kariyerinin bundan sonraki d\u00f6neminde kendisine ba\u015far\u0131lar diledi.<br \/><\/p>\n","protected":false},"excerpt":{"rendered":"<p>Ayd\u0131n B\u00fcy\u00fck\u015fehir Belediyespor, kondisyoner Caner Atasever ile yeniden anla\u015fmaya vard\u0131\u011f\u0131n\u0131 a\u00e7\u0131klad\u0131. 1989 do\u011fumlu Atasever, daha \u00f6nce de kul\u00fcpte g\u00f6rev yaparken son olarak Sultanlar Ligi ekiplerinden G\u00f6ztepe\u2019de kondisyonerlik yapt\u0131. Kariyerinde Kar\u015f\u0131yaka, Seramiksan, Nil\u00fcfer Belediyespor, Fenerbah\u00e7e, CSM Bucure\u015fti, Ye\u015filyurt gibi \u00f6nemli kul\u00fcplerde g\u00f6rev alan deneyimli kondisyoner, yeniden Ayd\u0131n B\u00fcy\u00fck\u015fehir Belediyespor teknik ekibine kat\u0131ld\u0131. Alt ya\u015f kategorileri ve&#8230;<\/p>\n","protected":false},"author":1,"featured_media":77048,"comment_status":"open","ping_status":"open","sticky":false,"template":"","format":"standard","meta":{"_crdt_document":"","footnotes":""},"categories":[4],"tags":[],"class_list":["post-77047","post","type-post","status-publish","format-standard","has-post-thumbnail","hentry","category-spor"],"_links":{"self":[{"href":"https:\/\/www.egemtv.com\/index.php?rest_route=\/wp\/v2\/posts\/77047","targetHints":{"allow":["GET"]}}],"collection":[{"href":"https:\/\/www.egemtv.com\/index.php?rest_route=\/wp\/v2\/posts"}],"about":[{"href":"https:\/\/www.egemtv.com\/index.php?rest_route=\/wp\/v2\/types\/post"}],"author":[{"embeddable":true,"href":"https:\/\/www.egemtv.com\/index.php?rest_route=\/wp\/v2\/users\/1"}],"replies":[{"embeddable":true,"href":"https:\/\/www.egemtv.com\/index.php?rest_route=%2Fwp%2Fv2%2Fcomments&post=77047"}],"version-history":[{"count":1,"href":"https:\/\/www.egemtv.com\/index.php?rest_route=\/wp\/v2\/posts\/77047\/revisions"}],"predecessor-version":[{"id":77049,"href":"https:\/\/www.egemtv.com\/index.php?rest_route=\/wp\/v2\/posts\/77047\/revisions\/77049"}],"wp:featuredmedia":[{"embeddable":true,"href":"https:\/\/www.egemtv.com\/index.php?rest_route=\/wp\/v2\/media\/77048"}],"wp:attachment":[{"href":"https:\/\/www.egemtv.com\/index.php?rest_route=%2Fwp%2Fv2%2Fmedia&parent=77047"}],"wp:term":[{"taxonomy":"category","embeddable":true,"href":"https:\/\/www.egemtv.com\/index.php?rest_route=%2Fwp%2Fv2%2Fcategories&post=77047"},{"taxonomy":"post_tag","embeddable":true,"href":"https:\/\/www.egemtv.com\/index.php?rest_route=%2Fwp%2Fv2%2Ftags&post=77047"}],"curies":[{"name":"wp","href":"https:\/\/api.w.org\/{rel}","templated":true}]}}