{"id":77044,"date":"2025-12-27T16:34:49","date_gmt":"2025-12-27T13:34:49","guid":{"rendered":"https:\/\/www.egemtv.com\/?p=77044"},"modified":"2025-12-27T16:34:50","modified_gmt":"2025-12-27T13:34:50","slug":"bodrumda-emekli-polis-memurundan-siir-kitabi-imza-gunune-yogun-ilgi","status":"publish","type":"post","link":"https:\/\/www.egemtv.com\/?p=77044","title":{"rendered":"Bodrum\u2019da emekli polis memurundan \u015fiir kitab\u0131 imza g\u00fcn\u00fcne yo\u011fun ilgi"},"content":{"rendered":"<p>Bodrum\u2019da emekli polis memuru Zekeriya \u0130lhan, ikinci \u015fiir kitab\u0131 &#8220;Aynadaki Yalan&#8221; i\u00e7in okurlar\u0131yla bulu\u015ftu.<\/p>\n<p>Elaz\u0131\u011fl\u0131 \u0130lhan, Bodrum \u0130l\u00e7e Emniyet M\u00fcd\u00fcrl\u00fc\u011f\u00fc\u2019ndeki g\u00f6revini iki y\u0131l \u00f6nce tamamlamas\u0131n\u0131n ard\u0131ndan yazd\u0131\u011f\u0131 90 \u015fiiri bir araya getirdi\u011fi kitab\u0131n\u0131, Turgutreis Mahallesi\u2019ndeki bir kafede d\u00fczenlenen imza g\u00fcn\u00fcnde tan\u0131tt\u0131. Okuyucular\u0131yla sohbet eden \u0130lhan, kitaplar\u0131n\u0131 imzalay\u0131p hat\u0131ra foto\u011fraf\u0131 \u00e7ektirdi. Etkinlik s\u0131ras\u0131nda \u0130lhan, \u015fiir d\u00fcnyas\u0131na dair d\u00fc\u015f\u00fcncelerini de payla\u015ft\u0131.<\/p>\n<p>\u0130lhan kitap imza g\u00fcn\u00fcn\u00fcn kalabal\u0131k olmas\u0131ndan duydu\u011fu memnuniyeti anlatarak &#8220;Her \u015feyden \u00f6nce, bu kadar kitap severin, bu kadar okurun ve \u015fiire destek veren bu kadar insan\u0131n, bu saatte burada toplanmas\u0131 gurur verici bir \u015fey. Bu insanlar, bizim insanl\u0131\u011f\u0131m\u0131z\u0131n g\u00fczelli\u011fini temsil ediyor ve her zaman yan\u0131m\u0131zda oluyor. \u015eu anda bu insanlar\u0131n \u00e7o\u011funun ka\u00e7 ya\u015f\u0131nda oldu\u011funu bilmiyorum ama hepsi burada; kitab\u0131ma destek olmak i\u00e7in, \u015fiirde kendilerine bir \u015feyler bulabilmek i\u00e7in, \u015fiir okumak i\u00e7in buradalar. Bu bir kitap sergisidir, bu bir vefad\u0131r, bu dostluktur. Hepsine, sizin sayenizde, binlerce te\u015fekk\u00fcr ediyorum&#8221; dedi.<br \/><\/p>\n","protected":false},"excerpt":{"rendered":"<p>Bodrum\u2019da emekli polis memuru Zekeriya \u0130lhan, ikinci \u015fiir kitab\u0131 &#8220;Aynadaki Yalan&#8221; i\u00e7in okurlar\u0131yla bulu\u015ftu. Elaz\u0131\u011fl\u0131 \u0130lhan, Bodrum \u0130l\u00e7e Emniyet M\u00fcd\u00fcrl\u00fc\u011f\u00fc\u2019ndeki g\u00f6revini iki y\u0131l \u00f6nce tamamlamas\u0131n\u0131n ard\u0131ndan yazd\u0131\u011f\u0131 90 \u015fiiri bir araya getirdi\u011fi kitab\u0131n\u0131, Turgutreis Mahallesi\u2019ndeki bir kafede d\u00fczenlenen imza g\u00fcn\u00fcnde tan\u0131tt\u0131. Okuyucular\u0131yla sohbet eden \u0130lhan, kitaplar\u0131n\u0131 imzalay\u0131p hat\u0131ra foto\u011fraf\u0131 \u00e7ektirdi. Etkinlik s\u0131ras\u0131nda \u0130lhan, \u015fiir d\u00fcnyas\u0131na&#8230;<\/p>\n","protected":false},"author":1,"featured_media":77045,"comment_status":"open","ping_status":"open","sticky":false,"template":"","format":"standard","meta":{"_crdt_document":"","footnotes":""},"categories":[1],"tags":[],"class_list":["post-77044","post","type-post","status-publish","format-standard","has-post-thumbnail","hentry","category-guncel"],"_links":{"self":[{"href":"https:\/\/www.egemtv.com\/index.php?rest_route=\/wp\/v2\/posts\/77044","targetHints":{"allow":["GET"]}}],"collection":[{"href":"https:\/\/www.egemtv.com\/index.php?rest_route=\/wp\/v2\/posts"}],"about":[{"href":"https:\/\/www.egemtv.com\/index.php?rest_route=\/wp\/v2\/types\/post"}],"author":[{"embeddable":true,"href":"https:\/\/www.egemtv.com\/index.php?rest_route=\/wp\/v2\/users\/1"}],"replies":[{"embeddable":true,"href":"https:\/\/www.egemtv.com\/index.php?rest_route=%2Fwp%2Fv2%2Fcomments&post=77044"}],"version-history":[{"count":1,"href":"https:\/\/www.egemtv.com\/index.php?rest_route=\/wp\/v2\/posts\/77044\/revisions"}],"predecessor-version":[{"id":77046,"href":"https:\/\/www.egemtv.com\/index.php?rest_route=\/wp\/v2\/posts\/77044\/revisions\/77046"}],"wp:featuredmedia":[{"embeddable":true,"href":"https:\/\/www.egemtv.com\/index.php?rest_route=\/wp\/v2\/media\/77045"}],"wp:attachment":[{"href":"https:\/\/www.egemtv.com\/index.php?rest_route=%2Fwp%2Fv2%2Fmedia&parent=77044"}],"wp:term":[{"taxonomy":"category","embeddable":true,"href":"https:\/\/www.egemtv.com\/index.php?rest_route=%2Fwp%2Fv2%2Fcategories&post=77044"},{"taxonomy":"post_tag","embeddable":true,"href":"https:\/\/www.egemtv.com\/index.php?rest_route=%2Fwp%2Fv2%2Ftags&post=77044"}],"curies":[{"name":"wp","href":"https:\/\/api.w.org\/{rel}","templated":true}]}}