{"id":77041,"date":"2025-12-27T16:14:56","date_gmt":"2025-12-27T13:14:56","guid":{"rendered":"https:\/\/www.egemtv.com\/?p=77041"},"modified":"2025-12-27T16:14:57","modified_gmt":"2025-12-27T13:14:57","slug":"nazilli-belediyesinde-nokta-virgul-sorusturmasi","status":"publish","type":"post","link":"https:\/\/www.egemtv.com\/?p=77041","title":{"rendered":"Nazilli Belediyesi\u2019nde &#8220;nokta, virg\u00fcl&#8221; soru\u015fturmas\u0131"},"content":{"rendered":"<p>Nazilli Belediyesi Ba\u015fkan\u0131 Ertu\u011frul Tetik, zab\u0131ta memuru al\u0131mlar\u0131nda yap\u0131lan hataya ili\u015fkin kamuoyunu bilgilendirmek amac\u0131yla bas\u0131n toplant\u0131s\u0131 d\u00fczenledi. Tetik, yap\u0131lan hatan\u0131n kas\u0131tl\u0131 oldu\u011funu d\u00fc\u015f\u00fcnmedi\u011fini s\u0131ralama yap\u0131l\u0131rken g\u00f6revlilerin, memur adaylar\u0131n\u0131n KPSS puan\u0131n\u0131 yazarken zaman zaman nokta, zaman zaman da virg\u00fcl kullan\u0131lmas\u0131ndan kaynakland\u0131\u011f\u0131n\u0131 tespit ettiklerin, bu konuyla ilgili de soru\u015fturma ba\u015flatt\u0131klar\u0131n\u0131 s\u00f6yledi.<br \/>\n<br \/>Nazilli Belediyesi\u2019nin zab\u0131ta memuru al\u0131m\u0131 s\u00fcrecinde yap\u0131lan ciddi bir hata memur olmak i\u00e7in ba\u015fvuru yapanlar\u0131n itiraz\u0131 ile ortaya \u00e7\u0131kt\u0131. Belediye Ba\u015fkan\u0131 Ertu\u011frul Tetik, makam\u0131nda d\u00fczenledi\u011fi bas\u0131n toplant\u0131s\u0131nda s\u00fcrece ili\u015fkin a\u00e7\u0131klamalarda bulundu.<br \/>\n<br \/>Belediye taraf\u0131ndan 657 say\u0131l\u0131 Devlet Memurlar\u0131 Kanunu\u2019na tabi 8 zab\u0131ta memuru al\u0131m\u0131 yap\u0131laca\u011f\u0131n\u0131 hat\u0131rlatan Ba\u015fkan Tetik, s\u00fcrecin ba\u015f\u0131ndan itibaren \u015feffaf y\u00fcr\u00fct\u00fclece\u011fini kamuoyuna duyurduklar\u0131n\u0131 s\u00f6yledi. Tetik, t\u00fcm i\u015fe al\u0131mlar\u0131n do\u011frudan kendi sorumlulu\u011funda oldu\u011funu vurgulad\u0131.<br \/>\n<br \/>Al\u0131mlar\u0131n e\u011fitim durumuna g\u00f6re planland\u0131\u011f\u0131n\u0131 belirten Tetik, 3 lisans, 3 \u00f6n lisans, 2 lise mezunu aday al\u0131naca\u011f\u0131n\u0131 a\u00e7\u0131klad\u0131.<br \/>\n<br \/>Lisans mezunlar\u0131 i\u00e7in psikoloji, sosyoloji, \u00e7evre m\u00fchendisli\u011fi, g\u0131da m\u00fchendisli\u011fi ve herhangi bir lisans program\u0131 \u015fart\u0131 arand\u0131\u011f\u0131n\u0131 belirten Tetik, ba\u015fvuru say\u0131lar\u0131n\u0131 \u015f\u00f6yle payla\u015ft\u0131: Lisans: 127 ki\u015fi, \u00f6n lisans 277, lise 210, g\u0131da m\u00fchendisli\u011fi 11, \u00e7evre m\u00fchendisli\u011fi: 16 ki\u015fi ba\u015fvurdu.<br \/>\n<br \/>&#8220;KPSS s\u0131ralamas\u0131 de\u011fi\u015ftirilemez&#8221;<br \/>\n<br \/>Ba\u015fkan Tetik, yasa gere\u011fi KPSS puan s\u0131ralamas\u0131n\u0131n esas al\u0131nd\u0131\u011f\u0131n\u0131 belirterek, &#8220;Al\u0131nacak her 1 ki\u015fi i\u00e7in 5 aday m\u00fclakata \u00e7a\u011fr\u0131l\u0131r. 6\u2019nc\u0131 s\u0131radaki aday\u0131n al\u0131nmas\u0131 m\u00fcmk\u00fcn de\u011fildir&#8221; dedi.<br \/>\n<br \/>Adaylar\u0131n boy ve kilo \u00f6l\u00e7\u00fcmlerinin resmi sa\u011fl\u0131k birimlerinde yap\u0131ld\u0131\u011f\u0131n\u0131 ve 2024 KPSS puanlar\u0131na g\u00f6re s\u0131raland\u0131\u011f\u0131n\u0131 ifade eden Tetik, sonu\u00e7lar\u0131n belediyenin internet sitesinde ilan edildi\u011fini s\u00f6yledi.<br \/>\n<br \/>&#8220;77 VE 80 puanl\u0131 adaylar ilk 5 d\u0131\u015f\u0131nda kald\u0131&#8221;<br \/>\n<br \/>Ancak a\u00e7\u0131klanan listede 77 ve 80 KPSS puan\u0131 alan iki aday\u0131n yer almamas\u0131 \u00fczerine durumun fark edildi\u011fini belirten Ba\u015fkan Tetik, gelen bir telefonla hatan\u0131n ortaya \u00e7\u0131kt\u0131\u011f\u0131n\u0131 ifade etti. Tetik, &#8220;Aday\u0131n boyu, kilosu ve ya\u015f\u0131 uygundu. Ancak daha d\u00fc\u015f\u00fck puanl\u0131 adaylar\u0131n \u00fcst s\u0131ralarda yer ald\u0131\u011f\u0131n\u0131 g\u00f6rd\u00fck. Bunun \u00fczerine listeyi hemen kald\u0131rtt\u0131k&#8221; dedi.<br \/>\n<br \/>Yap\u0131lan ilk incelemede hatan\u0131n, aday isimlerinin yan\u0131na konulan virg\u00fcl nedeniyle sistemsel s\u0131ralaman\u0131n bozulmas\u0131ndan kaynakland\u0131\u011f\u0131 a\u00e7\u0131kland\u0131. Ba\u015fkan Tetik, &#8220;Bu hata s\u0131navdan sonra ortaya \u00e7\u0131ksayd\u0131 \u00e7ok daha b\u00fcy\u00fck bir ma\u011fduriyet ya\u015fan\u0131rd\u0131&#8221; diye konu\u015ftu.<br \/>\n<br \/>&#8220;Soru\u015fturma ba\u015flat\u0131ld\u0131&#8221;<br \/>\n<br \/>Olayla ilgili derhal idari soru\u015fturma ba\u015flat\u0131ld\u0131\u011f\u0131n\u0131 duyuran Ba\u015fkan Tetik, &#8220;Hata varsa cezas\u0131 ona g\u00f6re, bilin\u00e7li bir durum varsa cezas\u0131 \u00e7ok daha a\u011f\u0131r olacakt\u0131r. Sonu\u00e7lar\u0131 kamuoyuyla payla\u015faca\u011f\u0131z&#8221; ifadelerini kulland\u0131.<br \/>\n<br \/>Ba\u015fkan Tetik, soru\u015fturma sonucunu da kamuoyu ile payla\u015faca\u011f\u0131n\u0131 belirterek soru\u015fturman\u0131n tefti\u015f kurulu taraf\u0131ndan y\u00fcr\u00fct\u00fclece\u011fini kaydetti.<br \/><\/p>\n","protected":false},"excerpt":{"rendered":"<p>Nazilli Belediyesi Ba\u015fkan\u0131 Ertu\u011frul Tetik, zab\u0131ta memuru al\u0131mlar\u0131nda yap\u0131lan hataya ili\u015fkin kamuoyunu bilgilendirmek amac\u0131yla bas\u0131n toplant\u0131s\u0131 d\u00fczenledi. Tetik, yap\u0131lan hatan\u0131n kas\u0131tl\u0131 oldu\u011funu d\u00fc\u015f\u00fcnmedi\u011fini s\u0131ralama yap\u0131l\u0131rken g\u00f6revlilerin, memur adaylar\u0131n\u0131n KPSS puan\u0131n\u0131 yazarken zaman zaman nokta, zaman zaman da virg\u00fcl kullan\u0131lmas\u0131ndan kaynakland\u0131\u011f\u0131n\u0131 tespit ettiklerin, bu konuyla ilgili de soru\u015fturma ba\u015flatt\u0131klar\u0131n\u0131 s\u00f6yledi. Nazilli Belediyesi\u2019nin zab\u0131ta memuru al\u0131m\u0131 s\u00fcrecinde&#8230;<\/p>\n","protected":false},"author":1,"featured_media":77042,"comment_status":"open","ping_status":"open","sticky":false,"template":"","format":"standard","meta":{"_crdt_document":"","footnotes":""},"categories":[5],"tags":[],"class_list":["post-77041","post","type-post","status-publish","format-standard","has-post-thumbnail","hentry","category-asayis"],"_links":{"self":[{"href":"https:\/\/www.egemtv.com\/index.php?rest_route=\/wp\/v2\/posts\/77041","targetHints":{"allow":["GET"]}}],"collection":[{"href":"https:\/\/www.egemtv.com\/index.php?rest_route=\/wp\/v2\/posts"}],"about":[{"href":"https:\/\/www.egemtv.com\/index.php?rest_route=\/wp\/v2\/types\/post"}],"author":[{"embeddable":true,"href":"https:\/\/www.egemtv.com\/index.php?rest_route=\/wp\/v2\/users\/1"}],"replies":[{"embeddable":true,"href":"https:\/\/www.egemtv.com\/index.php?rest_route=%2Fwp%2Fv2%2Fcomments&post=77041"}],"version-history":[{"count":1,"href":"https:\/\/www.egemtv.com\/index.php?rest_route=\/wp\/v2\/posts\/77041\/revisions"}],"predecessor-version":[{"id":77043,"href":"https:\/\/www.egemtv.com\/index.php?rest_route=\/wp\/v2\/posts\/77041\/revisions\/77043"}],"wp:featuredmedia":[{"embeddable":true,"href":"https:\/\/www.egemtv.com\/index.php?rest_route=\/wp\/v2\/media\/77042"}],"wp:attachment":[{"href":"https:\/\/www.egemtv.com\/index.php?rest_route=%2Fwp%2Fv2%2Fmedia&parent=77041"}],"wp:term":[{"taxonomy":"category","embeddable":true,"href":"https:\/\/www.egemtv.com\/index.php?rest_route=%2Fwp%2Fv2%2Fcategories&post=77041"},{"taxonomy":"post_tag","embeddable":true,"href":"https:\/\/www.egemtv.com\/index.php?rest_route=%2Fwp%2Fv2%2Ftags&post=77041"}],"curies":[{"name":"wp","href":"https:\/\/api.w.org\/{rel}","templated":true}]}}