{"id":77038,"date":"2025-12-27T15:14:56","date_gmt":"2025-12-27T12:14:56","guid":{"rendered":"https:\/\/www.egemtv.com\/?p=77038"},"modified":"2025-12-27T15:14:56","modified_gmt":"2025-12-27T12:14:56","slug":"ispartada-yeni-yil-tedbirleri-kapsaminda-kacak-icki-ve-elektronik-sigara-ele-gecirildi","status":"publish","type":"post","link":"https:\/\/www.egemtv.com\/?p=77038","title":{"rendered":"Isparta\u2019da yeni y\u0131l tedbirleri kapsam\u0131nda ka\u00e7ak i\u00e7ki ve elektronik sigara ele ge\u00e7irildi"},"content":{"rendered":"<p>Isparta\u2019da polis ekiplerince y\u0131lba\u015f\u0131 tedbirleri kapsam\u0131nda yap\u0131lan \u00e7al\u0131\u015fmalarda \u00e7ok miktarda ka\u00e7ak i\u00e7ki ve elektronik sigara ele ge\u00e7irilirken, \u015f\u00fcpheliler hakk\u0131nda adli i\u015flem ba\u015flat\u0131ld\u0131.<br \/>\n<br \/>Isparta \u0130l Emniyet M\u00fcd\u00fcrl\u00fc\u011f\u00fc Ka\u00e7ak\u00e7\u0131l\u0131k ve Organize Su\u00e7larla M\u00fccadele \u015eube M\u00fcd\u00fcrl\u00fc\u011f\u00fc ekiplerince, y\u0131lba\u015f\u0131 tedbirleri kapsam\u0131nda il genelinde y\u00fcr\u00fct\u00fclen \u00e7al\u0131\u015fmalar neticesinde ka\u00e7ak \u00fcr\u00fcnlere y\u00f6nelik operasyon ger\u00e7ekle\u015ftirildi.<br \/>\n<br \/>Yap\u0131lan \u00e7al\u0131\u015fmalarda 67,5 litre \u015farap, 5 litre rak\u0131, 10 litre etil alkol, 1 adet aroma verici anason ya\u011f\u0131 ile 10 adet elektronik sigara ele ge\u00e7irildi. Olayla ilgili \u015f\u00fcpheli \u015fah\u0131slar hakk\u0131nda 5607 Say\u0131l\u0131 Ka\u00e7ak\u00e7\u0131l\u0131kla M\u00fccadele Kanunu kapsam\u0131nda gerekli adli i\u015flem ba\u015flat\u0131ld\u0131.<br \/><\/p>\n","protected":false},"excerpt":{"rendered":"<p>Isparta\u2019da polis ekiplerince y\u0131lba\u015f\u0131 tedbirleri kapsam\u0131nda yap\u0131lan \u00e7al\u0131\u015fmalarda \u00e7ok miktarda ka\u00e7ak i\u00e7ki ve elektronik sigara ele ge\u00e7irilirken, \u015f\u00fcpheliler hakk\u0131nda adli i\u015flem ba\u015flat\u0131ld\u0131. Isparta \u0130l Emniyet M\u00fcd\u00fcrl\u00fc\u011f\u00fc Ka\u00e7ak\u00e7\u0131l\u0131k ve Organize Su\u00e7larla M\u00fccadele \u015eube M\u00fcd\u00fcrl\u00fc\u011f\u00fc ekiplerince, y\u0131lba\u015f\u0131 tedbirleri kapsam\u0131nda il genelinde y\u00fcr\u00fct\u00fclen \u00e7al\u0131\u015fmalar neticesinde ka\u00e7ak \u00fcr\u00fcnlere y\u00f6nelik operasyon ger\u00e7ekle\u015ftirildi. Yap\u0131lan \u00e7al\u0131\u015fmalarda 67,5 litre \u015farap, 5 litre rak\u0131,&#8230;<\/p>\n","protected":false},"author":1,"featured_media":77039,"comment_status":"open","ping_status":"open","sticky":false,"template":"","format":"standard","meta":{"_crdt_document":"","footnotes":""},"categories":[5],"tags":[],"class_list":["post-77038","post","type-post","status-publish","format-standard","has-post-thumbnail","hentry","category-asayis"],"_links":{"self":[{"href":"https:\/\/www.egemtv.com\/index.php?rest_route=\/wp\/v2\/posts\/77038","targetHints":{"allow":["GET"]}}],"collection":[{"href":"https:\/\/www.egemtv.com\/index.php?rest_route=\/wp\/v2\/posts"}],"about":[{"href":"https:\/\/www.egemtv.com\/index.php?rest_route=\/wp\/v2\/types\/post"}],"author":[{"embeddable":true,"href":"https:\/\/www.egemtv.com\/index.php?rest_route=\/wp\/v2\/users\/1"}],"replies":[{"embeddable":true,"href":"https:\/\/www.egemtv.com\/index.php?rest_route=%2Fwp%2Fv2%2Fcomments&post=77038"}],"version-history":[{"count":1,"href":"https:\/\/www.egemtv.com\/index.php?rest_route=\/wp\/v2\/posts\/77038\/revisions"}],"predecessor-version":[{"id":77040,"href":"https:\/\/www.egemtv.com\/index.php?rest_route=\/wp\/v2\/posts\/77038\/revisions\/77040"}],"wp:featuredmedia":[{"embeddable":true,"href":"https:\/\/www.egemtv.com\/index.php?rest_route=\/wp\/v2\/media\/77039"}],"wp:attachment":[{"href":"https:\/\/www.egemtv.com\/index.php?rest_route=%2Fwp%2Fv2%2Fmedia&parent=77038"}],"wp:term":[{"taxonomy":"category","embeddable":true,"href":"https:\/\/www.egemtv.com\/index.php?rest_route=%2Fwp%2Fv2%2Fcategories&post=77038"},{"taxonomy":"post_tag","embeddable":true,"href":"https:\/\/www.egemtv.com\/index.php?rest_route=%2Fwp%2Fv2%2Ftags&post=77038"}],"curies":[{"name":"wp","href":"https:\/\/api.w.org\/{rel}","templated":true}]}}