{"id":77035,"date":"2025-12-27T14:55:05","date_gmt":"2025-12-27T11:55:05","guid":{"rendered":"https:\/\/www.egemtv.com\/?p=77035"},"modified":"2025-12-27T14:55:05","modified_gmt":"2025-12-27T11:55:05","slug":"cop-kamyonlarini-isiklarla-susleyen-kusadasi-belediyesi-yeni-yilda-cevre-temizligine-dikkat-cekti","status":"publish","type":"post","link":"https:\/\/www.egemtv.com\/?p=77035","title":{"rendered":"\u00c7\u00f6p kamyonlar\u0131n\u0131 \u0131\u015f\u0131klarla s\u00fcsleyen Ku\u015fadas\u0131 Belediyesi, yeni y\u0131lda \u00e7evre temizli\u011fine dikkat \u00e7ekti"},"content":{"rendered":"<p>Ku\u015fadas\u0131 Belediyesi, yeni y\u0131l \u00f6ncesi \u00e7evre temizli\u011fine dikkat \u00e7ekmek i\u00e7in \u00e7\u00f6p kamyonlar\u0131n\u0131 \u0131\u015f\u0131klarla s\u00fcslerken, Noel Baba kost\u00fcm\u00fc giyen personeler ise hem \u00e7ocuklar\u0131n y\u00fcz\u00fcn\u00fc g\u00fcld\u00fcrd\u00fc hem de \u00e7evre bilinci mesaj\u0131 verdi.<br \/>\n<br \/>Ku\u015fadas\u0131 Belediyesi, yakla\u015fan yeni y\u0131l \u00f6ncesinde hem kent esteti\u011fine hem de \u00e7evre bilincine dikkat \u00e7eken renkli bir etkinli\u011fe imza att\u0131. \u00c7evre temizli\u011fi konusunda fark\u0131ndal\u0131k olu\u015fturmak amac\u0131yla Temizlik \u0130\u015fleri M\u00fcd\u00fcrl\u00fc\u011f\u00fc\u2019ne ba\u011fl\u0131 \u00e7\u00f6p kamyonlar\u0131 rengarenk \u0131\u015f\u0131klarla donat\u0131ld\u0131. \u00dczerinde &#8220;Temiz bir Ku\u015fadas\u0131, Temiz bir Gelecek&#8221; yazan s\u00fcsl\u00fc \u00e7\u00f6p kamyonlar\u0131, kent merkezinde tur atarak yeni y\u0131l co\u015fkusunu sokaklara ta\u015f\u0131d\u0131. I\u015f\u0131klarla s\u00fcslenen kamyonlardan inen Noel Baba kost\u00fcml\u00fc belediye personeli ise \u00e7ocuklara ve yeti\u015fkinlere \u015feker ikram etti. Etkinlik kapsam\u0131nda \u00e7evrenin temiz tutulmas\u0131 i\u00e7in yap\u0131lmas\u0131 gerekenler anlat\u0131l\u0131rken, do\u011fan\u0131n korunmas\u0131n\u0131n \u00f6nemi vurguland\u0131. Hem kent sakinlerinin hem de Ku\u015fadas\u0131\u2019n\u0131 ziyaret eden yerli ve yabanc\u0131 turistlerin yo\u011fun ilgisiyle kar\u015f\u0131lanan etkinlik, yeni y\u0131l atmosferine \u00e7evreci bir anlam katt\u0131.<br \/>\n<br \/>Y\u0131l boyunca \u00e7evreyi korumaya y\u00f6nelik bir\u00e7ok projeyi hayata ge\u00e7iren Ku\u015fadas\u0131 Belediyesi\u2019nin \u00e7al\u0131\u015fmas\u0131 dikkat \u00e7ekerken, \u00f6zellikle \u00e7ocuklar\u0131n b\u00fcy\u00fck ilgisiyle kar\u015f\u0131la\u015ft\u0131. Hat\u0131ra foto\u011fraf\u0131 \u00e7ektirmek i\u00e7in s\u0131raya giren minikler, unutulmaz anlar ya\u015fad\u0131. Etkinli\u011fin y\u0131lba\u015f\u0131na kadar devam edece\u011fi bildirildi.<\/p>\n<p>&#8220;\u00c7ok temiz ve d\u00fczenli bir kent&#8221;<br \/>\n<br \/>Etkinli\u011fe kat\u0131lan kent sakinlerinden G\u00f6khan G\u00fcldiken, \u00e7al\u0131\u015fmay\u0131 takdirle kar\u015f\u0131lad\u0131\u011f\u0131n\u0131 belirterek, &#8220;Uzun y\u0131llard\u0131r Ku\u015fadas\u0131\u2019nda ya\u015f\u0131yorum. Buras\u0131 \u00e7ok temiz ve d\u00fczenli bir kent. Ku\u015fadas\u0131 Belediyesi\u2019ne, bize her y\u00f6n\u00fcyle ya\u015fanabilir bir \u015fehir sundu\u011fu i\u00e7in te\u015fekk\u00fcr ediyorum&#8221; dedi.<br \/>\n<br \/>Ku\u015fadas\u0131 Belediyesi Temizlik \u0130\u015fleri M\u00fcd\u00fcr\u00fc Hakan Bayrak ise \u00e7evre temizli\u011fine b\u00fcy\u00fck \u00f6nem verdiklerini vurgulayarak &#8220;Y\u0131l boyunca temizlik i\u015flerinde g\u00f6rev yapan emek\u00e7i personelimiz, kent sakinlerinin ve il\u00e7emizi ziyaret eden yerli-yabanc\u0131 turistlerin konforu i\u00e7in aral\u0131ks\u0131z \u00e7al\u0131\u015f\u0131yor. T\u00fcrkiye\u2019nin turizm incisi Ku\u015fadas\u0131\u2019n\u0131n her zaman temiz olmas\u0131 bizim i\u00e7in \u00e7ok \u00f6nemli. Yeni y\u0131lda da temizlik ve hijyen \u00e7al\u0131\u015fmalar\u0131m\u0131z \u00e7evreye de\u011fer veren uygulamalarla devam edecek. \u00c7ocuklar\u0131m\u0131za temiz bir gelecek b\u0131rakmak i\u00e7in do\u011faya ve \u00e7evreye kar\u015f\u0131 \u00e7ok daha duyarl\u0131 olmam\u0131z gerekiyor&#8221; dedi.<br \/><\/p>\n","protected":false},"excerpt":{"rendered":"<p>Ku\u015fadas\u0131 Belediyesi, yeni y\u0131l \u00f6ncesi \u00e7evre temizli\u011fine dikkat \u00e7ekmek i\u00e7in \u00e7\u00f6p kamyonlar\u0131n\u0131 \u0131\u015f\u0131klarla s\u00fcslerken, Noel Baba kost\u00fcm\u00fc giyen personeler ise hem \u00e7ocuklar\u0131n y\u00fcz\u00fcn\u00fc g\u00fcld\u00fcrd\u00fc hem de \u00e7evre bilinci mesaj\u0131 verdi. Ku\u015fadas\u0131 Belediyesi, yakla\u015fan yeni y\u0131l \u00f6ncesinde hem kent esteti\u011fine hem de \u00e7evre bilincine dikkat \u00e7eken renkli bir etkinli\u011fe imza att\u0131. \u00c7evre temizli\u011fi konusunda fark\u0131ndal\u0131k olu\u015fturmak&#8230;<\/p>\n","protected":false},"author":1,"featured_media":77036,"comment_status":"open","ping_status":"open","sticky":false,"template":"","format":"standard","meta":{"_crdt_document":"","footnotes":""},"categories":[1],"tags":[],"class_list":["post-77035","post","type-post","status-publish","format-standard","has-post-thumbnail","hentry","category-guncel"],"_links":{"self":[{"href":"https:\/\/www.egemtv.com\/index.php?rest_route=\/wp\/v2\/posts\/77035","targetHints":{"allow":["GET"]}}],"collection":[{"href":"https:\/\/www.egemtv.com\/index.php?rest_route=\/wp\/v2\/posts"}],"about":[{"href":"https:\/\/www.egemtv.com\/index.php?rest_route=\/wp\/v2\/types\/post"}],"author":[{"embeddable":true,"href":"https:\/\/www.egemtv.com\/index.php?rest_route=\/wp\/v2\/users\/1"}],"replies":[{"embeddable":true,"href":"https:\/\/www.egemtv.com\/index.php?rest_route=%2Fwp%2Fv2%2Fcomments&post=77035"}],"version-history":[{"count":1,"href":"https:\/\/www.egemtv.com\/index.php?rest_route=\/wp\/v2\/posts\/77035\/revisions"}],"predecessor-version":[{"id":77037,"href":"https:\/\/www.egemtv.com\/index.php?rest_route=\/wp\/v2\/posts\/77035\/revisions\/77037"}],"wp:featuredmedia":[{"embeddable":true,"href":"https:\/\/www.egemtv.com\/index.php?rest_route=\/wp\/v2\/media\/77036"}],"wp:attachment":[{"href":"https:\/\/www.egemtv.com\/index.php?rest_route=%2Fwp%2Fv2%2Fmedia&parent=77035"}],"wp:term":[{"taxonomy":"category","embeddable":true,"href":"https:\/\/www.egemtv.com\/index.php?rest_route=%2Fwp%2Fv2%2Fcategories&post=77035"},{"taxonomy":"post_tag","embeddable":true,"href":"https:\/\/www.egemtv.com\/index.php?rest_route=%2Fwp%2Fv2%2Ftags&post=77035"}],"curies":[{"name":"wp","href":"https:\/\/api.w.org\/{rel}","templated":true}]}}