{"id":77032,"date":"2025-12-27T14:55:04","date_gmt":"2025-12-27T11:55:04","guid":{"rendered":"https:\/\/www.egemtv.com\/?p=77032"},"modified":"2025-12-27T14:55:05","modified_gmt":"2025-12-27T11:55:05","slug":"domanicte-mevsimin-ilk-kari-etkili-oldu","status":"publish","type":"post","link":"https:\/\/www.egemtv.com\/?p=77032","title":{"rendered":"Domani\u00e7\u2019te mevsimin ilk kar\u0131 etkili oldu"},"content":{"rendered":"<p>K\u00fctahya\u2019y\u0131 Bursa\u2019ya ba\u011flayan Domani\u00e7 Karayolu\u2019nda mevsimin ilk kar\u0131 etkisini g\u00f6sterdi. Bin 500 rak\u0131ml\u0131 Kocayayla Ge\u00e7idi\u2019nde kar kal\u0131nl\u0131\u011f\u0131 yer yer 10 santimetreye ula\u015ft\u0131.<br \/>\n<br \/>Kar ya\u011f\u0131\u015f\u0131 nedeniyle da\u011f yolunda trafik g\u00fcvenli\u011fi i\u00e7in \u00f6nlemler art\u0131r\u0131l\u0131rken, a\u011f\u0131r tonajl\u0131 ara\u00e7lar\u0131n ve k\u0131\u015f lasti\u011fi bulunmayan ara\u00e7lar\u0131n ge\u00e7i\u015fine izin verilmedi. Karayollar\u0131 ekipleri, yolun a\u00e7\u0131k kalmas\u0131 i\u00e7in b\u00f6lgede aral\u0131ks\u0131z kar k\u00fcreme ve tuzlama \u00e7al\u0131\u015fmas\u0131 y\u00fcr\u00fct\u00fcyor.<br \/>\n<br \/>Yetkililer, s\u00fcr\u00fcc\u00fcleri dikkatli olmalar\u0131 ve k\u0131\u015f \u015fartlar\u0131na uygun donan\u0131m olmadan yola \u00e7\u0131kmamalar\u0131 konusunda uyard\u0131.<br \/><\/p>\n","protected":false},"excerpt":{"rendered":"<p>K\u00fctahya\u2019y\u0131 Bursa\u2019ya ba\u011flayan Domani\u00e7 Karayolu\u2019nda mevsimin ilk kar\u0131 etkisini g\u00f6sterdi. Bin 500 rak\u0131ml\u0131 Kocayayla Ge\u00e7idi\u2019nde kar kal\u0131nl\u0131\u011f\u0131 yer yer 10 santimetreye ula\u015ft\u0131. Kar ya\u011f\u0131\u015f\u0131 nedeniyle da\u011f yolunda trafik g\u00fcvenli\u011fi i\u00e7in \u00f6nlemler art\u0131r\u0131l\u0131rken, a\u011f\u0131r tonajl\u0131 ara\u00e7lar\u0131n ve k\u0131\u015f lasti\u011fi bulunmayan ara\u00e7lar\u0131n ge\u00e7i\u015fine izin verilmedi. Karayollar\u0131 ekipleri, yolun a\u00e7\u0131k kalmas\u0131 i\u00e7in b\u00f6lgede aral\u0131ks\u0131z kar k\u00fcreme ve tuzlama&#8230;<\/p>\n","protected":false},"author":1,"featured_media":77033,"comment_status":"open","ping_status":"open","sticky":false,"template":"","format":"standard","meta":{"_crdt_document":"","footnotes":""},"categories":[1],"tags":[],"class_list":["post-77032","post","type-post","status-publish","format-standard","has-post-thumbnail","hentry","category-guncel"],"_links":{"self":[{"href":"https:\/\/www.egemtv.com\/index.php?rest_route=\/wp\/v2\/posts\/77032","targetHints":{"allow":["GET"]}}],"collection":[{"href":"https:\/\/www.egemtv.com\/index.php?rest_route=\/wp\/v2\/posts"}],"about":[{"href":"https:\/\/www.egemtv.com\/index.php?rest_route=\/wp\/v2\/types\/post"}],"author":[{"embeddable":true,"href":"https:\/\/www.egemtv.com\/index.php?rest_route=\/wp\/v2\/users\/1"}],"replies":[{"embeddable":true,"href":"https:\/\/www.egemtv.com\/index.php?rest_route=%2Fwp%2Fv2%2Fcomments&post=77032"}],"version-history":[{"count":1,"href":"https:\/\/www.egemtv.com\/index.php?rest_route=\/wp\/v2\/posts\/77032\/revisions"}],"predecessor-version":[{"id":77034,"href":"https:\/\/www.egemtv.com\/index.php?rest_route=\/wp\/v2\/posts\/77032\/revisions\/77034"}],"wp:featuredmedia":[{"embeddable":true,"href":"https:\/\/www.egemtv.com\/index.php?rest_route=\/wp\/v2\/media\/77033"}],"wp:attachment":[{"href":"https:\/\/www.egemtv.com\/index.php?rest_route=%2Fwp%2Fv2%2Fmedia&parent=77032"}],"wp:term":[{"taxonomy":"category","embeddable":true,"href":"https:\/\/www.egemtv.com\/index.php?rest_route=%2Fwp%2Fv2%2Fcategories&post=77032"},{"taxonomy":"post_tag","embeddable":true,"href":"https:\/\/www.egemtv.com\/index.php?rest_route=%2Fwp%2Fv2%2Ftags&post=77032"}],"curies":[{"name":"wp","href":"https:\/\/api.w.org\/{rel}","templated":true}]}}