{"id":77029,"date":"2025-12-27T14:55:03","date_gmt":"2025-12-27T11:55:03","guid":{"rendered":"https:\/\/www.egemtv.com\/?p=77029"},"modified":"2025-12-27T14:55:04","modified_gmt":"2025-12-27T11:55:04","slug":"eski-chp-izmir-il-baskani-senol-aslanoglu-yeniden-gozaltina-alindi","status":"publish","type":"post","link":"https:\/\/www.egemtv.com\/?p=77029","title":{"rendered":"Eski CHP \u0130zmir \u0130l Ba\u015fkan\u0131 \u015eenol Aslano\u011flu yeniden g\u00f6zalt\u0131na al\u0131nd\u0131"},"content":{"rendered":"<p>Eski CHP \u0130zmir \u0130l Ba\u015fkan\u0131 \u015eenol Aslano\u011flu\u2019nun da aralar\u0131nda bulundu\u011fu 11 ki\u015fi, \u0130zmir Cumhuriyet Ba\u015fsavc\u0131l\u0131\u011f\u0131\u2019n\u0131n S.S. \u0130\u015f \u0130nsanlar\u0131 \u00d6rnekk\u00f6y Konut Yap\u0131 Kooperatifi hakk\u0131nda y\u00fcr\u00fctt\u00fc\u011f\u00fc zimmet soru\u015fturmas\u0131 kapsam\u0131nda g\u00f6zalt\u0131na al\u0131nd\u0131.<br \/>\n<br \/>\u0130zmir B\u00fcy\u00fck\u015fehir Belediyesi\u2019ne y\u00f6nelik d\u00fczenlenen \u2019yolsuzluk\u2019 soru\u015fturmas\u0131 kapsam\u0131nda eski CHP \u0130zmir \u0130l Ba\u015fkan\u0131 \u015eenol Aslano\u011flu\u2019nun da aralar\u0131nda yer ald\u0131\u011f\u0131 11 ki\u015fi g\u00f6zalt\u0131na al\u0131nd\u0131. \u0130zmir Cumhuriyet Ba\u015fsavc\u0131l\u0131\u011f\u0131 konuyla ilgili yaz\u0131l\u0131 bir a\u00e7\u0131klama yaparak, &#8220;\u0130zmir Cumhuriyet Ba\u015fsavc\u0131l\u0131\u011f\u0131 taraf\u0131ndan S.S. \u0130\u015f \u0130nsanlar\u0131 \u00d6rnekk\u00f6y Konut Yap\u0131 Kooperatifi\u2019ne y\u00f6nelik \u2019Zimmet\u2019 y\u00fcr\u00fct\u00fclen soru\u015fturma kapsam\u0131nda; \u2019\u2019Zimmet&#8221; su\u00e7lar\u0131 a\u00e7\u0131s\u0131ndan bilirki\u015fi raporlar\u0131 do\u011frultusunda sorumluluklar\u0131 tespit edilen 11 \u015f\u00fcpheli hakk\u0131nda g\u00f6zalt\u0131 karar verilmi\u015f olup, g\u00f6zalt\u0131 ve yakalama i\u015flemleri \u0130zmir Emniyet M\u00fcd\u00fcrl\u00fc\u011f\u00fc Mali Su\u00e7larla M\u00fccadele \u015eube M\u00fcd\u00fcrl\u00fc\u011f\u00fc taraf\u0131ndan devam etmektedir&#8221; ifadelerine yer verildi.<br \/><\/p>\n","protected":false},"excerpt":{"rendered":"<p>Eski CHP \u0130zmir \u0130l Ba\u015fkan\u0131 \u015eenol Aslano\u011flu\u2019nun da aralar\u0131nda bulundu\u011fu 11 ki\u015fi, \u0130zmir Cumhuriyet Ba\u015fsavc\u0131l\u0131\u011f\u0131\u2019n\u0131n S.S. \u0130\u015f \u0130nsanlar\u0131 \u00d6rnekk\u00f6y Konut Yap\u0131 Kooperatifi hakk\u0131nda y\u00fcr\u00fctt\u00fc\u011f\u00fc zimmet soru\u015fturmas\u0131 kapsam\u0131nda g\u00f6zalt\u0131na al\u0131nd\u0131. \u0130zmir B\u00fcy\u00fck\u015fehir Belediyesi\u2019ne y\u00f6nelik d\u00fczenlenen \u2019yolsuzluk\u2019 soru\u015fturmas\u0131 kapsam\u0131nda eski CHP \u0130zmir \u0130l Ba\u015fkan\u0131 \u015eenol Aslano\u011flu\u2019nun da aralar\u0131nda yer ald\u0131\u011f\u0131 11 ki\u015fi g\u00f6zalt\u0131na al\u0131nd\u0131. \u0130zmir Cumhuriyet Ba\u015fsavc\u0131l\u0131\u011f\u0131&#8230;<\/p>\n","protected":false},"author":1,"featured_media":77030,"comment_status":"open","ping_status":"open","sticky":false,"template":"","format":"standard","meta":{"_crdt_document":"","footnotes":""},"categories":[5],"tags":[],"class_list":["post-77029","post","type-post","status-publish","format-standard","has-post-thumbnail","hentry","category-asayis"],"_links":{"self":[{"href":"https:\/\/www.egemtv.com\/index.php?rest_route=\/wp\/v2\/posts\/77029","targetHints":{"allow":["GET"]}}],"collection":[{"href":"https:\/\/www.egemtv.com\/index.php?rest_route=\/wp\/v2\/posts"}],"about":[{"href":"https:\/\/www.egemtv.com\/index.php?rest_route=\/wp\/v2\/types\/post"}],"author":[{"embeddable":true,"href":"https:\/\/www.egemtv.com\/index.php?rest_route=\/wp\/v2\/users\/1"}],"replies":[{"embeddable":true,"href":"https:\/\/www.egemtv.com\/index.php?rest_route=%2Fwp%2Fv2%2Fcomments&post=77029"}],"version-history":[{"count":1,"href":"https:\/\/www.egemtv.com\/index.php?rest_route=\/wp\/v2\/posts\/77029\/revisions"}],"predecessor-version":[{"id":77031,"href":"https:\/\/www.egemtv.com\/index.php?rest_route=\/wp\/v2\/posts\/77029\/revisions\/77031"}],"wp:featuredmedia":[{"embeddable":true,"href":"https:\/\/www.egemtv.com\/index.php?rest_route=\/wp\/v2\/media\/77030"}],"wp:attachment":[{"href":"https:\/\/www.egemtv.com\/index.php?rest_route=%2Fwp%2Fv2%2Fmedia&parent=77029"}],"wp:term":[{"taxonomy":"category","embeddable":true,"href":"https:\/\/www.egemtv.com\/index.php?rest_route=%2Fwp%2Fv2%2Fcategories&post=77029"},{"taxonomy":"post_tag","embeddable":true,"href":"https:\/\/www.egemtv.com\/index.php?rest_route=%2Fwp%2Fv2%2Ftags&post=77029"}],"curies":[{"name":"wp","href":"https:\/\/api.w.org\/{rel}","templated":true}]}}