{"id":77026,"date":"2025-12-27T14:55:02","date_gmt":"2025-12-27T11:55:02","guid":{"rendered":"https:\/\/www.egemtv.com\/?p=77026"},"modified":"2025-12-27T14:55:03","modified_gmt":"2025-12-27T11:55:03","slug":"il-tarimdan-balikcilara-onemli-uyari","status":"publish","type":"post","link":"https:\/\/www.egemtv.com\/?p=77026","title":{"rendered":"\u0130l Tar\u0131mdan bal\u0131k\u00e7\u0131lara \u00f6nemli uyar\u0131"},"content":{"rendered":"<p>Dil ve pisi bal\u0131\u011f\u0131 avc\u0131l\u0131\u011f\u0131 1 Ocak-15 \u015eubat tarihleri aras\u0131nda yasaklan\u0131rken, Ayd\u0131n \u0130l Tar\u0131m ve Orman M\u00fcd\u00fcrl\u00fc\u011f\u00fc yasak \u00f6ncesi avlanan \u00fcr\u00fcnler i\u00e7in stok tespitinin yapt\u0131rmas\u0131 gerekti\u011fini ifade ederek bal\u0131k\u00e7\u0131lar\u0131 uyard\u0131.<br \/>\n<br \/>Tar\u0131m ve Orman Bakanl\u0131\u011f\u0131 taraf\u0131ndan yap\u0131lan d\u00fczenleme kapsam\u0131nda, 1 Ocak &#8211; 15 \u015eubat tarihleri aras\u0131nda t\u00fcm karasularda her t\u00fcrl\u00fc istihsal vas\u0131tas\u0131yla dil ve pisi bal\u0131\u011f\u0131 avc\u0131l\u0131\u011f\u0131 yasakland\u0131. Ayd\u0131n \u0130l Tar\u0131m ve Orman M\u00fcd\u00fcrl\u00fc\u011f\u00fc\u2019nden bal\u0131k\u00e7\u0131lara y\u00f6nelik yap\u0131lan a\u00e7\u0131klamada, yasak ba\u015flamadan \u00f6nce avlanm\u0131\u015f olan \u00fcr\u00fcnler i\u00e7in tesis ve i\u015fletmelerin en yak\u0131n \u0130l veya \u0130l\u00e7e Tar\u0131m ve Orman M\u00fcd\u00fcrl\u00fcklerine ba\u015fvurarak stok tespiti yapt\u0131rmalar\u0131n\u0131n zorunlu oldu\u011fu vurguland\u0131.<br \/>\n<br \/>Konu ile ilgili Ayd\u0131n \u0130l Tar\u0131m ve Orman M\u00fcd\u00fcrl\u00fc\u011f\u00fc\u2019nden yap\u0131lan a\u00e7\u0131klamada &#8220;Tar\u0131m ve Orman Bakanl\u0131\u011f\u0131 taraf\u0131ndan yap\u0131lan d\u00fczenleme kapsam\u0131nda t\u00fcm karasular\u0131m\u0131zda 1 Ocak &#8211; 15 \u015eubat tarihleri aras\u0131nda, her t\u00fcrl\u00fc istihsal vas\u0131tas\u0131yla dil ve pisi bal\u0131\u011f\u0131 avc\u0131l\u0131\u011f\u0131 yasakt\u0131r. Yasak ba\u015flamadan \u00f6nce avlanm\u0131\u015f \u00fcr\u00fcnler i\u00e7in tesis ve i\u015fletmelerin, en yak\u0131n \u0130l\/\u0130l\u00e7e Tar\u0131m ve Orman M\u00fcd\u00fcrl\u00fcklerine ba\u015fvurarak stok tespiti yapt\u0131rmalar\u0131 \u00f6nemle duyurulur. Bal\u0131k\u00e7\u0131lar\u0131m\u0131z\u0131n ve ilgili t\u00fcm payda\u015flar\u0131n ma\u011fduriyet ya\u015famamalar\u0131 ad\u0131na belirtilen kurallara hassasiyetle uymalar\u0131 gerekmektedir&#8221; ifadeleri yer ald\u0131.<br \/><\/p>\n","protected":false},"excerpt":{"rendered":"<p>Dil ve pisi bal\u0131\u011f\u0131 avc\u0131l\u0131\u011f\u0131 1 Ocak-15 \u015eubat tarihleri aras\u0131nda yasaklan\u0131rken, Ayd\u0131n \u0130l Tar\u0131m ve Orman M\u00fcd\u00fcrl\u00fc\u011f\u00fc yasak \u00f6ncesi avlanan \u00fcr\u00fcnler i\u00e7in stok tespitinin yapt\u0131rmas\u0131 gerekti\u011fini ifade ederek bal\u0131k\u00e7\u0131lar\u0131 uyard\u0131. Tar\u0131m ve Orman Bakanl\u0131\u011f\u0131 taraf\u0131ndan yap\u0131lan d\u00fczenleme kapsam\u0131nda, 1 Ocak &#8211; 15 \u015eubat tarihleri aras\u0131nda t\u00fcm karasularda her t\u00fcrl\u00fc istihsal vas\u0131tas\u0131yla dil ve pisi bal\u0131\u011f\u0131&#8230;<\/p>\n","protected":false},"author":1,"featured_media":77027,"comment_status":"open","ping_status":"open","sticky":false,"template":"","format":"standard","meta":{"_crdt_document":"","footnotes":""},"categories":[1],"tags":[],"class_list":["post-77026","post","type-post","status-publish","format-standard","has-post-thumbnail","hentry","category-guncel"],"_links":{"self":[{"href":"https:\/\/www.egemtv.com\/index.php?rest_route=\/wp\/v2\/posts\/77026","targetHints":{"allow":["GET"]}}],"collection":[{"href":"https:\/\/www.egemtv.com\/index.php?rest_route=\/wp\/v2\/posts"}],"about":[{"href":"https:\/\/www.egemtv.com\/index.php?rest_route=\/wp\/v2\/types\/post"}],"author":[{"embeddable":true,"href":"https:\/\/www.egemtv.com\/index.php?rest_route=\/wp\/v2\/users\/1"}],"replies":[{"embeddable":true,"href":"https:\/\/www.egemtv.com\/index.php?rest_route=%2Fwp%2Fv2%2Fcomments&post=77026"}],"version-history":[{"count":1,"href":"https:\/\/www.egemtv.com\/index.php?rest_route=\/wp\/v2\/posts\/77026\/revisions"}],"predecessor-version":[{"id":77028,"href":"https:\/\/www.egemtv.com\/index.php?rest_route=\/wp\/v2\/posts\/77026\/revisions\/77028"}],"wp:featuredmedia":[{"embeddable":true,"href":"https:\/\/www.egemtv.com\/index.php?rest_route=\/wp\/v2\/media\/77027"}],"wp:attachment":[{"href":"https:\/\/www.egemtv.com\/index.php?rest_route=%2Fwp%2Fv2%2Fmedia&parent=77026"}],"wp:term":[{"taxonomy":"category","embeddable":true,"href":"https:\/\/www.egemtv.com\/index.php?rest_route=%2Fwp%2Fv2%2Fcategories&post=77026"},{"taxonomy":"post_tag","embeddable":true,"href":"https:\/\/www.egemtv.com\/index.php?rest_route=%2Fwp%2Fv2%2Ftags&post=77026"}],"curies":[{"name":"wp","href":"https:\/\/api.w.org\/{rel}","templated":true}]}}