{"id":77023,"date":"2025-12-27T14:15:24","date_gmt":"2025-12-27T11:15:24","guid":{"rendered":"https:\/\/www.egemtv.com\/?p=77023"},"modified":"2025-12-27T14:15:26","modified_gmt":"2025-12-27T11:15:26","slug":"efelerden-karatede-cifte-madalya-gururu","status":"publish","type":"post","link":"https:\/\/www.egemtv.com\/?p=77023","title":{"rendered":"Efeler\u2019den karatede \u00e7ifte madalya gururu"},"content":{"rendered":"<p>\u0130zmir\u2019de d\u00fczenlenen \u0130ller Aras\u0131 Karate \u015eampiyonas\u0131\u2019nda Efeler \u0130l\u00e7e Milli E\u011fitim M\u00fcd\u00fcrl\u00fc\u011f\u00fc Spor Akademisi sporcular\u0131, alt\u0131n ve g\u00fcm\u00fc\u015f madalyalarla \u00f6nemli bir ba\u015far\u0131ya imza att\u0131.<br \/>\n<br \/>\u0130zmir Gen\u00e7lik ve Spor \u0130l M\u00fcd\u00fcrl\u00fc\u011f\u00fc taraf\u0131ndan d\u00fczenlenen \u0130ller Aras\u0131 Karate \u015eampiyonas\u0131, Efeler \u0130l\u00e7e Milli E\u011fitim M\u00fcd\u00fcrl\u00fc\u011f\u00fc Spor Akademisi kursiyerlerinin \u00f6nemli ba\u015far\u0131s\u0131na sahne oldu. \u015eampiyonada sergiledikleri \u00fcst\u00fcn performansla dikkat \u00e7eken sporcular, elde ettikleri derecelerle Efeler\u2019i gururland\u0131rd\u0131. Turnuvada Egemen Avcu, hem Kata hem de Kumite bran\u015flar\u0131nda t\u00fcm rakiplerini geride b\u0131rakarak \u00e7ifte alt\u0131n madalya kazan\u0131p \u015fampiyonlu\u011fa ad\u0131n\u0131 yazd\u0131rd\u0131. G\u00f6sterdi\u011fi disiplinli ve kararl\u0131 performansla b\u00fcy\u00fck takdir toplayan Avcu, turnuvan\u0131n en ba\u015far\u0131l\u0131 sporcular\u0131 aras\u0131nda yer ald\u0131.<br \/>\n<br \/>Hatice Hilal Akbay ise Kumite bran\u015f\u0131nda sergiledi\u011fi ba\u015far\u0131l\u0131 m\u00fccadeleyle finale y\u00fckseldi. Final kar\u015f\u0131la\u015fmas\u0131nda milli sporcu rakibiyle 0-0 berabere kalan Akbay, hakem karar\u0131yla turnuvay\u0131 yenilgi almadan ikinci s\u0131rada tamamlayarak g\u00fcm\u00fc\u015f madalya kazand\u0131. Efeler \u0130l\u00e7e Milli E\u011fitim M\u00fcd\u00fcrl\u00fc\u011f\u00fc Spor Akademisi yapt\u0131\u011f\u0131 a\u00e7\u0131klamayla sporcular\u0131 tebrik ederken, eme\u011fi ge\u00e7en teknik ekip ve ailelere de te\u015fekk\u00fcr etti.<br \/><\/p>\n","protected":false},"excerpt":{"rendered":"<p>\u0130zmir\u2019de d\u00fczenlenen \u0130ller Aras\u0131 Karate \u015eampiyonas\u0131\u2019nda Efeler \u0130l\u00e7e Milli E\u011fitim M\u00fcd\u00fcrl\u00fc\u011f\u00fc Spor Akademisi sporcular\u0131, alt\u0131n ve g\u00fcm\u00fc\u015f madalyalarla \u00f6nemli bir ba\u015far\u0131ya imza att\u0131. \u0130zmir Gen\u00e7lik ve Spor \u0130l M\u00fcd\u00fcrl\u00fc\u011f\u00fc taraf\u0131ndan d\u00fczenlenen \u0130ller Aras\u0131 Karate \u015eampiyonas\u0131, Efeler \u0130l\u00e7e Milli E\u011fitim M\u00fcd\u00fcrl\u00fc\u011f\u00fc Spor Akademisi kursiyerlerinin \u00f6nemli ba\u015far\u0131s\u0131na sahne oldu. \u015eampiyonada sergiledikleri \u00fcst\u00fcn performansla dikkat \u00e7eken sporcular, elde&#8230;<\/p>\n","protected":false},"author":1,"featured_media":77024,"comment_status":"open","ping_status":"open","sticky":false,"template":"","format":"standard","meta":{"_crdt_document":"","footnotes":""},"categories":[4],"tags":[],"class_list":["post-77023","post","type-post","status-publish","format-standard","has-post-thumbnail","hentry","category-spor"],"_links":{"self":[{"href":"https:\/\/www.egemtv.com\/index.php?rest_route=\/wp\/v2\/posts\/77023","targetHints":{"allow":["GET"]}}],"collection":[{"href":"https:\/\/www.egemtv.com\/index.php?rest_route=\/wp\/v2\/posts"}],"about":[{"href":"https:\/\/www.egemtv.com\/index.php?rest_route=\/wp\/v2\/types\/post"}],"author":[{"embeddable":true,"href":"https:\/\/www.egemtv.com\/index.php?rest_route=\/wp\/v2\/users\/1"}],"replies":[{"embeddable":true,"href":"https:\/\/www.egemtv.com\/index.php?rest_route=%2Fwp%2Fv2%2Fcomments&post=77023"}],"version-history":[{"count":1,"href":"https:\/\/www.egemtv.com\/index.php?rest_route=\/wp\/v2\/posts\/77023\/revisions"}],"predecessor-version":[{"id":77025,"href":"https:\/\/www.egemtv.com\/index.php?rest_route=\/wp\/v2\/posts\/77023\/revisions\/77025"}],"wp:featuredmedia":[{"embeddable":true,"href":"https:\/\/www.egemtv.com\/index.php?rest_route=\/wp\/v2\/media\/77024"}],"wp:attachment":[{"href":"https:\/\/www.egemtv.com\/index.php?rest_route=%2Fwp%2Fv2%2Fmedia&parent=77023"}],"wp:term":[{"taxonomy":"category","embeddable":true,"href":"https:\/\/www.egemtv.com\/index.php?rest_route=%2Fwp%2Fv2%2Fcategories&post=77023"},{"taxonomy":"post_tag","embeddable":true,"href":"https:\/\/www.egemtv.com\/index.php?rest_route=%2Fwp%2Fv2%2Ftags&post=77023"}],"curies":[{"name":"wp","href":"https:\/\/api.w.org\/{rel}","templated":true}]}}