{"id":77020,"date":"2025-12-27T14:15:23","date_gmt":"2025-12-27T11:15:23","guid":{"rendered":"https:\/\/www.egemtv.com\/?p=77020"},"modified":"2025-12-27T14:15:24","modified_gmt":"2025-12-27T11:15:24","slug":"kutahyanin-yuksek-kesimleri-mevsimin-ilk-kariyla-beyaza-burundu","status":"publish","type":"post","link":"https:\/\/www.egemtv.com\/?p=77020","title":{"rendered":"K\u00fctahya\u2019n\u0131n y\u00fcksek kesimleri mevsimin ilk kar\u0131yla beyaza b\u00fcr\u00fcnd\u00fc"},"content":{"rendered":"<p>K\u00fctahya\u2019da mevsimin ilk kar\u0131 ya\u011fd\u0131. \u00d6zellikle Radar b\u00f6lgesi ba\u015fta olmak \u00fczere kentin y\u00fcksek kesimlerinde etkili olan kar ya\u011f\u0131\u015f\u0131yla birlikte ekili alanlar, tarlalar ve a\u011fa\u00e7lar beyaz \u00f6rt\u00fcyle kapland\u0131.<br \/>\n<br \/>Kar ya\u011f\u0131\u015f\u0131 nedeniyle y\u00fcksek rak\u0131ml\u0131 Radar mevkiindeki yol da k\u0131sa s\u00fcrede beyaza b\u00fcr\u00fcn\u00fcrken, ortaya kartpostall\u0131k g\u00f6r\u00fcnt\u00fcler \u00e7\u0131kt\u0131.<br \/>\n<br \/>Mevsimin ilk kar\u0131n\u0131 g\u00f6ren vatanda\u015flar ise ya\u011f\u0131\u015f\u0131 sevin\u00e7le kar\u015f\u0131lad\u0131.<br \/><\/p>\n","protected":false},"excerpt":{"rendered":"<p>K\u00fctahya\u2019da mevsimin ilk kar\u0131 ya\u011fd\u0131. \u00d6zellikle Radar b\u00f6lgesi ba\u015fta olmak \u00fczere kentin y\u00fcksek kesimlerinde etkili olan kar ya\u011f\u0131\u015f\u0131yla birlikte ekili alanlar, tarlalar ve a\u011fa\u00e7lar beyaz \u00f6rt\u00fcyle kapland\u0131. Kar ya\u011f\u0131\u015f\u0131 nedeniyle y\u00fcksek rak\u0131ml\u0131 Radar mevkiindeki yol da k\u0131sa s\u00fcrede beyaza b\u00fcr\u00fcn\u00fcrken, ortaya kartpostall\u0131k g\u00f6r\u00fcnt\u00fcler \u00e7\u0131kt\u0131. Mevsimin ilk kar\u0131n\u0131 g\u00f6ren vatanda\u015flar ise ya\u011f\u0131\u015f\u0131 sevin\u00e7le kar\u015f\u0131lad\u0131.<\/p>\n","protected":false},"author":1,"featured_media":77021,"comment_status":"open","ping_status":"open","sticky":false,"template":"","format":"standard","meta":{"_crdt_document":"","footnotes":""},"categories":[1],"tags":[],"class_list":["post-77020","post","type-post","status-publish","format-standard","has-post-thumbnail","hentry","category-guncel"],"_links":{"self":[{"href":"https:\/\/www.egemtv.com\/index.php?rest_route=\/wp\/v2\/posts\/77020","targetHints":{"allow":["GET"]}}],"collection":[{"href":"https:\/\/www.egemtv.com\/index.php?rest_route=\/wp\/v2\/posts"}],"about":[{"href":"https:\/\/www.egemtv.com\/index.php?rest_route=\/wp\/v2\/types\/post"}],"author":[{"embeddable":true,"href":"https:\/\/www.egemtv.com\/index.php?rest_route=\/wp\/v2\/users\/1"}],"replies":[{"embeddable":true,"href":"https:\/\/www.egemtv.com\/index.php?rest_route=%2Fwp%2Fv2%2Fcomments&post=77020"}],"version-history":[{"count":1,"href":"https:\/\/www.egemtv.com\/index.php?rest_route=\/wp\/v2\/posts\/77020\/revisions"}],"predecessor-version":[{"id":77022,"href":"https:\/\/www.egemtv.com\/index.php?rest_route=\/wp\/v2\/posts\/77020\/revisions\/77022"}],"wp:featuredmedia":[{"embeddable":true,"href":"https:\/\/www.egemtv.com\/index.php?rest_route=\/wp\/v2\/media\/77021"}],"wp:attachment":[{"href":"https:\/\/www.egemtv.com\/index.php?rest_route=%2Fwp%2Fv2%2Fmedia&parent=77020"}],"wp:term":[{"taxonomy":"category","embeddable":true,"href":"https:\/\/www.egemtv.com\/index.php?rest_route=%2Fwp%2Fv2%2Fcategories&post=77020"},{"taxonomy":"post_tag","embeddable":true,"href":"https:\/\/www.egemtv.com\/index.php?rest_route=%2Fwp%2Fv2%2Ftags&post=77020"}],"curies":[{"name":"wp","href":"https:\/\/api.w.org\/{rel}","templated":true}]}}