{"id":77017,"date":"2025-12-27T13:54:54","date_gmt":"2025-12-27T10:54:54","guid":{"rendered":"https:\/\/www.egemtv.com\/?p=77017"},"modified":"2025-12-27T13:54:55","modified_gmt":"2025-12-27T10:54:55","slug":"sanatla-bulusan-genc-yetenekler-begeni-topladi","status":"publish","type":"post","link":"https:\/\/www.egemtv.com\/?p=77017","title":{"rendered":"Sanatla bulu\u015fan gen\u00e7 yetenekler be\u011feni toplad\u0131"},"content":{"rendered":"<p>K\u00f6\u015fk Anadolu \u0130mam Hatip Lisesi taraf\u0131ndan d\u00fczenlenen &#8220;\u015eiir ve M\u00fczik Dinletisi&#8221; program\u0131, \u00f6\u011frencilerin sahne performanslar\u0131yla kat\u0131l\u0131mc\u0131lardan b\u00fcy\u00fck be\u011feni toplad\u0131.<br \/>\n<br \/>K\u00f6\u015fk Anadolu \u0130mam Hatip Lisesi taraf\u0131ndan haz\u0131rlanan &#8220;\u015eiir ve M\u00fczik Dinletisi&#8221; program\u0131, okulun konferans salonunda ger\u00e7ekle\u015ftirildi. \u015eiir ve m\u00fczi\u011fin bir araya geldi\u011fi program, izleyicilere duygu dolu anlar ya\u015fatt\u0131. Programa, K\u00f6\u015fk Kaymakam\u0131 Hasan Ta\u015f, K\u00f6\u015fk \u0130l\u00e7e Milli E\u011fitim M\u00fcd\u00fcr\u00fc Selim Karata\u015f, K\u00f6\u015fk Anadolu \u0130mam Hatip Lisesi Okul M\u00fcd\u00fcr\u00fc Kemal Ba\u015faran, il\u00e7ede g\u00f6rev yapan okul idarecileri, \u00f6\u011fretmenler ve \u00f6\u011frenciler kat\u0131ld\u0131. \u00d6\u011frencilerin sahneledi\u011fi \u015fiir dinletileri ve m\u00fczik performanslar\u0131 ilgiyle takip edilirken, program sonunda konu\u015fan K\u00f6\u015fk Kaymakam\u0131 Hasan Ta\u015f, \u00f6\u011frencilerin ortaya koydu\u011fu sanatsal \u00e7al\u0131\u015fmalar\u0131 takdirle kar\u015f\u0131lad\u0131\u011f\u0131n\u0131 ifade etti. Kaymakam Ta\u015f, sanatsal faaliyetlerin \u00f6\u011frencilerin ki\u015fisel geli\u015fimindeki \u00f6nemine dikkat \u00e7ekerek, programda eme\u011fi ge\u00e7en \u00f6\u011fretmen ve \u00f6\u011frencileri tebrik etti ve \u00f6\u011fretmenlere te\u015fekk\u00fcr belgelerini takdim etti. K\u00f6\u015fk \u0130l\u00e7e Milli E\u011fitim M\u00fcd\u00fcr\u00fc Selim Karata\u015f ise konu\u015fmas\u0131nda, e\u011fitim anlay\u0131\u015flar\u0131n\u0131n yaln\u0131zca akademik ba\u015far\u0131yla s\u0131n\u0131rl\u0131 olmad\u0131\u011f\u0131n\u0131 vurgulad\u0131. Karata\u015f, k\u00f6klerinden beslenen ve gelece\u011fe emin ad\u0131mlarla y\u00fcr\u00fcyen bireyler yeti\u015ftirmenin temel hedefleri oldu\u011funu belirterek, K\u00f6\u015fk Anadolu \u0130mam Hatip Lisesi\u2019nin \u00f6\u011frencilerin sosyal, k\u00fclt\u00fcrel ve sanatsal alanlarda geli\u015fimine \u00f6nem verdi\u011fini dile getirdi.<br \/>\n<br \/>Program\u0131n sonunda K\u00f6\u015fk \u0130l\u00e7e Milli E\u011fitim M\u00fcd\u00fcr\u00fc Selim Karata\u015f taraf\u0131ndan, etkinli\u011fin haz\u0131rlanmas\u0131nda g\u00f6rev alan \u00f6\u011fretmen ve \u00f6\u011frencilere te\u015fekk\u00fcr belgeleri takdim edildi. \u015eiir ve m\u00fczi\u011fin bulu\u015ftu\u011fu anlaml\u0131 program, kat\u0131l\u0131mc\u0131lar\u0131n be\u011fenisini kazan\u0131rken, \u00f6\u011frencilerin sahne performanslar\u0131 uzun s\u00fcre alk\u0131\u015fland\u0131.<br \/><\/p>\n","protected":false},"excerpt":{"rendered":"<p>K\u00f6\u015fk Anadolu \u0130mam Hatip Lisesi taraf\u0131ndan d\u00fczenlenen &#8220;\u015eiir ve M\u00fczik Dinletisi&#8221; program\u0131, \u00f6\u011frencilerin sahne performanslar\u0131yla kat\u0131l\u0131mc\u0131lardan b\u00fcy\u00fck be\u011feni toplad\u0131. K\u00f6\u015fk Anadolu \u0130mam Hatip Lisesi taraf\u0131ndan haz\u0131rlanan &#8220;\u015eiir ve M\u00fczik Dinletisi&#8221; program\u0131, okulun konferans salonunda ger\u00e7ekle\u015ftirildi. \u015eiir ve m\u00fczi\u011fin bir araya geldi\u011fi program, izleyicilere duygu dolu anlar ya\u015fatt\u0131. Programa, K\u00f6\u015fk Kaymakam\u0131 Hasan Ta\u015f, K\u00f6\u015fk \u0130l\u00e7e Milli&#8230;<\/p>\n","protected":false},"author":1,"featured_media":77018,"comment_status":"open","ping_status":"open","sticky":false,"template":"","format":"standard","meta":{"_crdt_document":"","footnotes":""},"categories":[1],"tags":[],"class_list":["post-77017","post","type-post","status-publish","format-standard","has-post-thumbnail","hentry","category-guncel"],"_links":{"self":[{"href":"https:\/\/www.egemtv.com\/index.php?rest_route=\/wp\/v2\/posts\/77017","targetHints":{"allow":["GET"]}}],"collection":[{"href":"https:\/\/www.egemtv.com\/index.php?rest_route=\/wp\/v2\/posts"}],"about":[{"href":"https:\/\/www.egemtv.com\/index.php?rest_route=\/wp\/v2\/types\/post"}],"author":[{"embeddable":true,"href":"https:\/\/www.egemtv.com\/index.php?rest_route=\/wp\/v2\/users\/1"}],"replies":[{"embeddable":true,"href":"https:\/\/www.egemtv.com\/index.php?rest_route=%2Fwp%2Fv2%2Fcomments&post=77017"}],"version-history":[{"count":1,"href":"https:\/\/www.egemtv.com\/index.php?rest_route=\/wp\/v2\/posts\/77017\/revisions"}],"predecessor-version":[{"id":77019,"href":"https:\/\/www.egemtv.com\/index.php?rest_route=\/wp\/v2\/posts\/77017\/revisions\/77019"}],"wp:featuredmedia":[{"embeddable":true,"href":"https:\/\/www.egemtv.com\/index.php?rest_route=\/wp\/v2\/media\/77018"}],"wp:attachment":[{"href":"https:\/\/www.egemtv.com\/index.php?rest_route=%2Fwp%2Fv2%2Fmedia&parent=77017"}],"wp:term":[{"taxonomy":"category","embeddable":true,"href":"https:\/\/www.egemtv.com\/index.php?rest_route=%2Fwp%2Fv2%2Fcategories&post=77017"},{"taxonomy":"post_tag","embeddable":true,"href":"https:\/\/www.egemtv.com\/index.php?rest_route=%2Fwp%2Fv2%2Ftags&post=77017"}],"curies":[{"name":"wp","href":"https:\/\/api.w.org\/{rel}","templated":true}]}}