{"id":77014,"date":"2025-12-27T13:34:39","date_gmt":"2025-12-27T10:34:39","guid":{"rendered":"https:\/\/www.egemtv.com\/?p=77014"},"modified":"2025-12-27T13:34:40","modified_gmt":"2025-12-27T10:34:40","slug":"baskan-arikandan-soke-belediyesine-yeni-otobus","status":"publish","type":"post","link":"https:\/\/www.egemtv.com\/?p=77014","title":{"rendered":"Ba\u015fkan Ar\u0131kan\u2019dan S\u00f6ke Belediyesi\u2019ne Yeni Otob\u00fcs"},"content":{"rendered":"<p>S\u00f6ke Belediye Ba\u015fkan\u0131 Dr. Mustafa \u0130berya Ar\u0131kan\u2019\u0131n giri\u015fimleriyle S\u00f6ke Belediyesi ara\u00e7 park\u0131na yeni bir otob\u00fcs kazand\u0131r\u0131ld\u0131. Tamam\u0131 ba\u011f\u0131\u015f yoluyla temin edilen otob\u00fcs i\u00e7in belediye b\u00fct\u00e7esinden herhangi bir harcama yap\u0131lmad\u0131\u011f\u0131 bildirildi.<\/p>\n<p>Ba\u015fta S\u00f6ke\u2019nin TFF 3. Lig\u2019deki temsilcisi S\u00f6ke 1970 Spor Kul\u00fcb\u00fc\u2019n\u00fcn deplasman yolculuklar\u0131nda kullan\u0131lacak olan otob\u00fcs\u00fcn, ihtiya\u00e7 duyulmas\u0131 halinde di\u011fer kurumsal faaliyetleri i\u00e7in de tahsis edilebilece\u011fi ifade edildi. Ak\u015fam saatlerinde S\u00f6ke\u2019ye getirilen otob\u00fcs, \u00fczerinde yap\u0131lan giydirme \u00e7al\u0131\u015fmalar\u0131 da tamamland\u0131. Yeni arac\u0131n, spor kul\u00fcb\u00fcne ve farkl\u0131 organizasyonlar\u0131na \u00f6nemli katk\u0131 sa\u011flamas\u0131, \u00f6nemli bir ihtiyac\u0131 kar\u015f\u0131lamas\u0131 bekleniyor. S\u00f6ke Belediye Ba\u015fkan\u0131 Dr. Mustafa \u0130berya Ar\u0131kan; &#8220;Kamu kaynaklar\u0131n\u0131n etkin kullan\u0131m\u0131 ve ba\u011f\u0131\u015f destekleriyle kente de\u011fer kazand\u0131ran hamleler yap\u0131yoruz. Yapmaya da devam edece\u011fiz. Hizmet odakl\u0131 \u00e7al\u0131\u015fmalar\u0131m\u0131z\u0131n daha etkin halini bundan sonraki s\u00fcre\u00e7te S\u00f6kemiz daha \u00e7ok hissedecek&#8221; dedi.<br \/><\/p>\n","protected":false},"excerpt":{"rendered":"<p>S\u00f6ke Belediye Ba\u015fkan\u0131 Dr. Mustafa \u0130berya Ar\u0131kan\u2019\u0131n giri\u015fimleriyle S\u00f6ke Belediyesi ara\u00e7 park\u0131na yeni bir otob\u00fcs kazand\u0131r\u0131ld\u0131. Tamam\u0131 ba\u011f\u0131\u015f yoluyla temin edilen otob\u00fcs i\u00e7in belediye b\u00fct\u00e7esinden herhangi bir harcama yap\u0131lmad\u0131\u011f\u0131 bildirildi. Ba\u015fta S\u00f6ke\u2019nin TFF 3. Lig\u2019deki temsilcisi S\u00f6ke 1970 Spor Kul\u00fcb\u00fc\u2019n\u00fcn deplasman yolculuklar\u0131nda kullan\u0131lacak olan otob\u00fcs\u00fcn, ihtiya\u00e7 duyulmas\u0131 halinde di\u011fer kurumsal faaliyetleri i\u00e7in de tahsis edilebilece\u011fi&#8230;<\/p>\n","protected":false},"author":1,"featured_media":77015,"comment_status":"open","ping_status":"open","sticky":false,"template":"","format":"standard","meta":{"_crdt_document":"","footnotes":""},"categories":[1],"tags":[],"class_list":["post-77014","post","type-post","status-publish","format-standard","has-post-thumbnail","hentry","category-guncel"],"_links":{"self":[{"href":"https:\/\/www.egemtv.com\/index.php?rest_route=\/wp\/v2\/posts\/77014","targetHints":{"allow":["GET"]}}],"collection":[{"href":"https:\/\/www.egemtv.com\/index.php?rest_route=\/wp\/v2\/posts"}],"about":[{"href":"https:\/\/www.egemtv.com\/index.php?rest_route=\/wp\/v2\/types\/post"}],"author":[{"embeddable":true,"href":"https:\/\/www.egemtv.com\/index.php?rest_route=\/wp\/v2\/users\/1"}],"replies":[{"embeddable":true,"href":"https:\/\/www.egemtv.com\/index.php?rest_route=%2Fwp%2Fv2%2Fcomments&post=77014"}],"version-history":[{"count":1,"href":"https:\/\/www.egemtv.com\/index.php?rest_route=\/wp\/v2\/posts\/77014\/revisions"}],"predecessor-version":[{"id":77016,"href":"https:\/\/www.egemtv.com\/index.php?rest_route=\/wp\/v2\/posts\/77014\/revisions\/77016"}],"wp:featuredmedia":[{"embeddable":true,"href":"https:\/\/www.egemtv.com\/index.php?rest_route=\/wp\/v2\/media\/77015"}],"wp:attachment":[{"href":"https:\/\/www.egemtv.com\/index.php?rest_route=%2Fwp%2Fv2%2Fmedia&parent=77014"}],"wp:term":[{"taxonomy":"category","embeddable":true,"href":"https:\/\/www.egemtv.com\/index.php?rest_route=%2Fwp%2Fv2%2Fcategories&post=77014"},{"taxonomy":"post_tag","embeddable":true,"href":"https:\/\/www.egemtv.com\/index.php?rest_route=%2Fwp%2Fv2%2Ftags&post=77014"}],"curies":[{"name":"wp","href":"https:\/\/api.w.org\/{rel}","templated":true}]}}