{"id":77005,"date":"2025-12-27T13:14:50","date_gmt":"2025-12-27T10:14:50","guid":{"rendered":"https:\/\/www.egemtv.com\/?p=77005"},"modified":"2025-12-27T13:14:51","modified_gmt":"2025-12-27T10:14:51","slug":"mcbu-bilim-kafede-tasavvuf-musikisi-esliginde-mevlana-ve-mevlevilik-konusuldu","status":"publish","type":"post","link":"https:\/\/www.egemtv.com\/?p=77005","title":{"rendered":"MCB\u00dc Bilim Kafe\u2019de, Tasavvuf Musikisi E\u015fli\u011finde Mevl\u00e2na ve Mevlev\u00eelik konu\u015fuldu"},"content":{"rendered":"<p>Manisa Celal Bayar \u00dcniversitesi\u2019nin d\u00fczenledi\u011fi Bilim Kafe etkinlikleri kapsam\u0131nda, Mevl\u00e2na Celaleddin R\u00fbm\u00ee\u2019nin d\u00fc\u015f\u00fcnce d\u00fcnyas\u0131n\u0131 ve Mevlev\u00eeli\u011fin tarihsel ve manev\u00ee miras\u0131n\u0131 ele alan &#8220;Mevl\u00e2na ve Mevlevilik&#8221; konulu s\u00f6yle\u015fi, Manisa Mevlevihane\u2019sinde Manisal\u0131lar\u0131n yo\u011fun kat\u0131l\u0131m\u0131yla ger\u00e7ekle\u015ftirildi.<br \/>\n<br \/>Manisa Celal Bayar \u00dcniversitesi taraf\u0131ndan d\u00fczenlenen Bilim Kafe etkinlikleri kapsam\u0131nda &#8220;Mevl\u00e2na ve Mevlevilik&#8221; konulu s\u00f6yle\u015fi ger\u00e7ekle\u015ftirildi. Konferansta konu\u015fmac\u0131 olarak yer alan emekli akademisyen ve postni\u015fin Mehmet Veysi D\u00f6rtbudak, Mevlev\u00eeli\u011fin temel esaslar\u0131n\u0131 ve Mevl\u00e2na\u2019n\u0131n insan, a\u015fk ve ho\u015fg\u00f6r\u00fc merkezli \u00f6\u011fretisini g\u00fcn\u00fcm\u00fcz d\u00fcnyas\u0131yla ili\u015fkilendirerek kat\u0131l\u0131mc\u0131larla payla\u015ft\u0131. D\u00f6rtbudak, Mevl\u00e2na\u2019n\u0131n yaln\u0131zca bir mutasavv\u0131f de\u011fil, insanl\u0131\u011fa evrensel mesajlar sunan b\u00fcy\u00fck bir d\u00fc\u015f\u00fcn\u00fcr oldu\u011funu vurgulad\u0131.<br \/>\n<br \/>Mevlev\u00eeli\u011fin tarihsel geli\u015fimi, sem\u00e2 rit\u00fcelinin sembolik anlamlar\u0131 ve Mesnev\u00ee\u2019nin tasavvuf d\u00fc\u015f\u00fcncesindeki yerinin ele al\u0131nd\u0131\u011f\u0131 programda kat\u0131l\u0131mc\u0131lar, Mevl\u00e2na\u2019n\u0131n \u00f6\u011fretilerinin g\u00fcn\u00fcm\u00fcze yans\u0131malar\u0131n\u0131 yak\u0131ndan tan\u0131ma f\u0131rsat\u0131 buldu.<br \/>\n<br \/>Programda, s\u00f6yle\u015finin ard\u0131ndan MCB\u00dc G\u00fczel Sanatlar, Tasar\u0131m ve Mimarl\u0131k Fak\u00fcltesi M\u00fczik B\u00f6l\u00fcm\u00fc \u00d6\u011fr. \u00dcyesi Do\u00e7. Dr. Nihat Ozan K\u00f6ro\u011flu \u015fefli\u011finde Tasavvuf M\u00fczi\u011fi dinletisi sunuldu. Etkinlik kapsam\u0131nda kat\u0131l\u0131mc\u0131lara geleneksel Mevlev\u00ee \u015ferbeti ikram edildi.<br \/>\n<br \/>Bilim Kafe etkinlikleri kapsam\u0131nda k\u00fclt\u00fcrel ve manev\u00ee i\u00e7erikli programlar \u00f6n\u00fcm\u00fczdeki d\u00f6nemde de devam edecek.<br \/><\/p>\n","protected":false},"excerpt":{"rendered":"<p>Manisa Celal Bayar \u00dcniversitesi\u2019nin d\u00fczenledi\u011fi Bilim Kafe etkinlikleri kapsam\u0131nda, Mevl\u00e2na Celaleddin R\u00fbm\u00ee\u2019nin d\u00fc\u015f\u00fcnce d\u00fcnyas\u0131n\u0131 ve Mevlev\u00eeli\u011fin tarihsel ve manev\u00ee miras\u0131n\u0131 ele alan &#8220;Mevl\u00e2na ve Mevlevilik&#8221; konulu s\u00f6yle\u015fi, Manisa Mevlevihane\u2019sinde Manisal\u0131lar\u0131n yo\u011fun kat\u0131l\u0131m\u0131yla ger\u00e7ekle\u015ftirildi. Manisa Celal Bayar \u00dcniversitesi taraf\u0131ndan d\u00fczenlenen Bilim Kafe etkinlikleri kapsam\u0131nda &#8220;Mevl\u00e2na ve Mevlevilik&#8221; konulu s\u00f6yle\u015fi ger\u00e7ekle\u015ftirildi. Konferansta konu\u015fmac\u0131 olarak yer alan emekli&#8230;<\/p>\n","protected":false},"author":1,"featured_media":77006,"comment_status":"open","ping_status":"open","sticky":false,"template":"","format":"standard","meta":{"_crdt_document":"","footnotes":""},"categories":[1],"tags":[],"class_list":["post-77005","post","type-post","status-publish","format-standard","has-post-thumbnail","hentry","category-guncel"],"_links":{"self":[{"href":"https:\/\/www.egemtv.com\/index.php?rest_route=\/wp\/v2\/posts\/77005","targetHints":{"allow":["GET"]}}],"collection":[{"href":"https:\/\/www.egemtv.com\/index.php?rest_route=\/wp\/v2\/posts"}],"about":[{"href":"https:\/\/www.egemtv.com\/index.php?rest_route=\/wp\/v2\/types\/post"}],"author":[{"embeddable":true,"href":"https:\/\/www.egemtv.com\/index.php?rest_route=\/wp\/v2\/users\/1"}],"replies":[{"embeddable":true,"href":"https:\/\/www.egemtv.com\/index.php?rest_route=%2Fwp%2Fv2%2Fcomments&post=77005"}],"version-history":[{"count":1,"href":"https:\/\/www.egemtv.com\/index.php?rest_route=\/wp\/v2\/posts\/77005\/revisions"}],"predecessor-version":[{"id":77007,"href":"https:\/\/www.egemtv.com\/index.php?rest_route=\/wp\/v2\/posts\/77005\/revisions\/77007"}],"wp:featuredmedia":[{"embeddable":true,"href":"https:\/\/www.egemtv.com\/index.php?rest_route=\/wp\/v2\/media\/77006"}],"wp:attachment":[{"href":"https:\/\/www.egemtv.com\/index.php?rest_route=%2Fwp%2Fv2%2Fmedia&parent=77005"}],"wp:term":[{"taxonomy":"category","embeddable":true,"href":"https:\/\/www.egemtv.com\/index.php?rest_route=%2Fwp%2Fv2%2Fcategories&post=77005"},{"taxonomy":"post_tag","embeddable":true,"href":"https:\/\/www.egemtv.com\/index.php?rest_route=%2Fwp%2Fv2%2Ftags&post=77005"}],"curies":[{"name":"wp","href":"https:\/\/api.w.org\/{rel}","templated":true}]}}