{"id":77002,"date":"2025-12-27T13:14:49","date_gmt":"2025-12-27T10:14:49","guid":{"rendered":"https:\/\/www.egemtv.com\/?p=77002"},"modified":"2025-12-27T13:14:50","modified_gmt":"2025-12-27T10:14:50","slug":"marmaris-belediyesi-personel-asnin-veteriner-hekim-aliminda-mulakat-icin-geldi-kapida-kaldi","status":"publish","type":"post","link":"https:\/\/www.egemtv.com\/?p=77002","title":{"rendered":"Marmaris Belediyesi Personel A\u015e\u2019nin veteriner hekim al\u0131m\u0131nda m\u00fclakat i\u00e7in geldi kap\u0131da kald\u0131"},"content":{"rendered":"<p>Marmaris Belediyesi Personel Anonim \u015eirketi\u2019nin \u0130\u015eKUR \u00fczerinden yay\u0131mlad\u0131\u011f\u0131 veteriner hekim al\u0131m ilan\u0131, m\u00fclakat g\u00fcn\u00fc ya\u015fand\u0131\u011f\u0131 \u00f6ne s\u00fcr\u00fclen aksakl\u0131klar nedeniyle bir aday\u0131n tepkisine yol a\u00e7t\u0131.<br \/>\n<br \/>\u0130\u015eKUR sisteminde yer alan resmi belgede, 27 Aral\u0131k Cumartesi g\u00fcn\u00fc saat 10.00\u2019da Marmaris Belediyesi\u2019nde s\u00f6zl\u00fc m\u00fclakat yap\u0131laca\u011f\u0131 bilgisi bulunmas\u0131na ra\u011fmen, ilana ba\u015fvuran veteriner hekim E.B., belirtilen g\u00fcn ve saatte belediyeye gitti\u011finde ortada ne bir m\u00fclakat komisyonu ne de yetkili bir ki\u015fi bulabildi\u011fini iddia etti.<br \/>\n<br \/>&#8220;Saat 10 oldu ama kimse yoktu&#8221;<br \/>\n<br \/>Sabah saat 09.30\u2019da m\u00fclakat ilan\u0131na istinaden belediye \u00f6n\u00fcnde haz\u0131r bulundu\u011funu belirten E.B., saat 10.00 olmas\u0131na ra\u011fmen kimsenin gelmemesi \u00fczerine g\u00fcvenli\u011fe durumu sordu\u011funu ifade etti. G\u00fcvenlik g\u00f6revlisinin de m\u00fclakattan haberi olmad\u0131\u011f\u0131n\u0131 s\u00f6yleyen E.B., kendileri d\u0131\u015f\u0131nda kimsenin belediyede bulunmad\u0131\u011f\u0131n\u0131 \u00f6ne s\u00fcrd\u00fc.<br \/>\n<br \/>Ailesi Mu\u011fla\u2019da ya\u015fayan ve kendisi y\u00fcksek lisans i\u00e7in Ankara\u2019da bulunan E.B., ilan\u0131 22 Aral\u0131k\u2019ta Ankara\u2019dayken g\u00f6rd\u00fc\u011f\u00fcn\u00fc, aylard\u0131r i\u015f arad\u0131\u011f\u0131n\u0131 ve ailesinin Mu\u011fla\u2019da ya\u015famas\u0131 nedeniyle bu ilana umut ba\u011flad\u0131\u011f\u0131n\u0131 s\u00f6yledi. E.B &#8220;\u0130lan\u0131 g\u00f6r\u00fcr g\u00f6rmez bunun bir f\u0131rsat olabilece\u011fini d\u00fc\u015f\u00fcnd\u00fcm. Belediyeyi aray\u0131p \u015fartlar\u0131 sordum, ne yapmam gerekti\u011fini \u00f6\u011frendim. 24 Aral\u0131k\u2019ta Marmaris\u2019e gelerek ba\u015fvurumu \u015fahsen yapt\u0131m ve belgelerimi elden teslim ettim. Ancak bana m\u00fclakat s\u00fcrecine dair herhangi bir farkl\u0131 bilgilendirme yap\u0131lmad\u0131&#8221; diyerek , \u0130\u015eKUR ilan\u0131nda a\u00e7\u0131k\u00e7a m\u00fclakat tarihi ve saatinin yer ald\u0131\u011f\u0131n\u0131 vurgulad\u0131.<br \/>\n<br \/>E.B., &#8220;\u0130landa 27 Aral\u0131k saat 10.00\u2019da s\u00f6zl\u00fc m\u00fclakat yap\u0131laca\u011f\u0131 yaz\u0131yordu. O g\u00fcn geldik ama kimse yoktu. Sonras\u0131nda ula\u015ft\u0131\u011f\u0131m\u0131z yetkililer \u2018biz sizi arar\u0131z\u2019 dedi. Oysa ne ba\u015fvuru s\u0131ras\u0131nda ne de ilanda b\u00f6yle bir bilgilendirme vard\u0131. Resmi ilanda do\u011fru olmayan bilgiler yer al\u0131yor. En az\u0131ndan bu durumun ba\u015ftan a\u00e7\u0131k\u00e7a s\u00f6ylenmesi gerekirdi&#8221; s\u00f6zleriyle tepkisini dile getirdi.<br \/>\n<br \/>\u0130nsan kaynaklar\u0131 m\u00fcd\u00fcr\u00fc: &#8220;\u0130\u015eKUR hata yapm\u0131\u015f olabilir&#8221;<br \/>\n<br \/>Veteriner Hekim E.B.\u2019nin iddias\u0131na g\u00f6re, ya\u015fananlar\u0131n ard\u0131ndan Marmaris Belediyesi \u0130nsan Kaynaklar\u0131 M\u00fcd\u00fcr\u00fc, kendisine ve yan\u0131nda bulunanlara, m\u00fclakat tarihine ili\u015fkin bilgilerinin olmad\u0131\u011f\u0131n\u0131, cumartesi g\u00fcn\u00fc m\u00fclakat yap\u0131lmad\u0131\u011f\u0131n\u0131 ve \u0130\u015eKUR\u2019un bir hata yapm\u0131\u015f olabilece\u011fini s\u00f6yledi.<br \/>\n<br \/>\u0130nsan Kaynaklar\u0131 M\u00fcd\u00fcr\u00fc\u2019n\u00fcn, &#8220;Madem buraya kadar gelmi\u015fsiniz, g\u00f6r\u00fc\u015felim&#8221; diyerek E.B.\u2019yi m\u00fclakata ald\u0131\u011f\u0131n\u0131 aktaran aday\u0131n babas\u0131 H.E , g\u00f6r\u00fc\u015fme sonunda kendisine telefonla bilgilendirme yap\u0131laca\u011f\u0131n\u0131n s\u00f6ylendi\u011fini belirtti. Ayr\u0131ca, al\u0131m s\u00fcreci kapsam\u0131nda 7 aday\u0131n daha bulundu\u011fu bilgisinin de kendisiyle payla\u015f\u0131ld\u0131\u011f\u0131n\u0131 ifade etti.<br \/>\n<br \/>\u0130lan s\u00fcreci soru i\u015faretleri do\u011furdu<br \/>\n<br \/>S\u00f6z konusu ilan, Marmaris Belediyesi Personel A\u015e taraf\u0131ndan kurum d\u0131\u015f\u0131 kamu i\u015f\u00e7i al\u0131m\u0131 kapsam\u0131nda yay\u0131mlanm\u0131\u015f, 1 veteriner hekim al\u0131m\u0131 yap\u0131laca\u011f\u0131, pozisyonun daimi ve tam zamanl\u0131 oldu\u011fu ilan metninde a\u00e7\u0131k\u00e7a belirtilmi\u015fti. Ba\u015fvurular\u0131n Marmaris\u2019te \u015fahsen al\u0131naca\u011f\u0131 ve g\u00f6r\u00fc\u015fmenin 27 Aral\u0131k\u2019ta yap\u0131laca\u011f\u0131 bilgisi de \u0130\u015eKUR sisteminde yer alm\u0131\u015ft\u0131.<br \/><\/p>\n","protected":false},"excerpt":{"rendered":"<p>Marmaris Belediyesi Personel Anonim \u015eirketi\u2019nin \u0130\u015eKUR \u00fczerinden yay\u0131mlad\u0131\u011f\u0131 veteriner hekim al\u0131m ilan\u0131, m\u00fclakat g\u00fcn\u00fc ya\u015fand\u0131\u011f\u0131 \u00f6ne s\u00fcr\u00fclen aksakl\u0131klar nedeniyle bir aday\u0131n tepkisine yol a\u00e7t\u0131. \u0130\u015eKUR sisteminde yer alan resmi belgede, 27 Aral\u0131k Cumartesi g\u00fcn\u00fc saat 10.00\u2019da Marmaris Belediyesi\u2019nde s\u00f6zl\u00fc m\u00fclakat yap\u0131laca\u011f\u0131 bilgisi bulunmas\u0131na ra\u011fmen, ilana ba\u015fvuran veteriner hekim E.B., belirtilen g\u00fcn ve saatte belediyeye gitti\u011finde&#8230;<\/p>\n","protected":false},"author":1,"featured_media":77003,"comment_status":"open","ping_status":"open","sticky":false,"template":"","format":"standard","meta":{"_crdt_document":"","footnotes":""},"categories":[1],"tags":[],"class_list":["post-77002","post","type-post","status-publish","format-standard","has-post-thumbnail","hentry","category-guncel"],"_links":{"self":[{"href":"https:\/\/www.egemtv.com\/index.php?rest_route=\/wp\/v2\/posts\/77002","targetHints":{"allow":["GET"]}}],"collection":[{"href":"https:\/\/www.egemtv.com\/index.php?rest_route=\/wp\/v2\/posts"}],"about":[{"href":"https:\/\/www.egemtv.com\/index.php?rest_route=\/wp\/v2\/types\/post"}],"author":[{"embeddable":true,"href":"https:\/\/www.egemtv.com\/index.php?rest_route=\/wp\/v2\/users\/1"}],"replies":[{"embeddable":true,"href":"https:\/\/www.egemtv.com\/index.php?rest_route=%2Fwp%2Fv2%2Fcomments&post=77002"}],"version-history":[{"count":1,"href":"https:\/\/www.egemtv.com\/index.php?rest_route=\/wp\/v2\/posts\/77002\/revisions"}],"predecessor-version":[{"id":77004,"href":"https:\/\/www.egemtv.com\/index.php?rest_route=\/wp\/v2\/posts\/77002\/revisions\/77004"}],"wp:featuredmedia":[{"embeddable":true,"href":"https:\/\/www.egemtv.com\/index.php?rest_route=\/wp\/v2\/media\/77003"}],"wp:attachment":[{"href":"https:\/\/www.egemtv.com\/index.php?rest_route=%2Fwp%2Fv2%2Fmedia&parent=77002"}],"wp:term":[{"taxonomy":"category","embeddable":true,"href":"https:\/\/www.egemtv.com\/index.php?rest_route=%2Fwp%2Fv2%2Fcategories&post=77002"},{"taxonomy":"post_tag","embeddable":true,"href":"https:\/\/www.egemtv.com\/index.php?rest_route=%2Fwp%2Fv2%2Ftags&post=77002"}],"curies":[{"name":"wp","href":"https:\/\/api.w.org\/{rel}","templated":true}]}}