{"id":76999,"date":"2025-12-27T13:14:48","date_gmt":"2025-12-27T10:14:48","guid":{"rendered":"https:\/\/www.egemtv.com\/?p=76999"},"modified":"2025-12-27T13:14:49","modified_gmt":"2025-12-27T10:14:49","slug":"salihli-sydv-mutevelli-heyeti-muhtar-uyeleri-secildi","status":"publish","type":"post","link":"https:\/\/www.egemtv.com\/?p=76999","title":{"rendered":"Salihli SYDV m\u00fctevelli heyeti muhtar \u00fcyeleri se\u00e7ildi"},"content":{"rendered":"<p>Manisa\u2019n\u0131n Salihli il\u00e7esindeki Sosyal Yard\u0131mla\u015fma ve Dayan\u0131\u015fma Vakf\u0131 (SYDV) M\u00fctevelli Heyeti\u2019nde 2026 y\u0131l\u0131nda g\u00f6rev alacak muhtar \u00fcyelerin belirlenmesi amac\u0131yla se\u00e7im yap\u0131ld\u0131.<br \/>\n<br \/>Se\u00e7im, Salihli Borsa \u0130stanbul Mesleki ve Teknik Anadolu Lisesi Konferans Salonu\u2019nda ger\u00e7ekle\u015ftirildi. Toplam 103 muhtardan, 95 muhtar\u0131n oy kulland\u0131\u011f\u0131 se\u00e7imde \u00c7ayk\u00f6y Mahalle Muhtar\u0131 Hamza \u00d6zbek, K\u0131rveli Mahalle Muhtar\u0131 Mehmet Emin Kanat ve Kemerdamlar\u0131 Mahalle Muhtar\u0131 Ahmet Ayy\u0131ld\u0131z aday oldu.<br \/>\n<br \/>Yap\u0131lan oylama sonucunda 64 oy alan \u00c7ayk\u00f6y Mahalle Muhtar\u0131 Hamza \u00d6zbek ile 63 oy alan K\u0131rveli Mahalle Muhtar\u0131 Mehmet Emin Kanat, SYDV M\u00fctevelli Heyeti\u2019nin muhtar \u00fcyeli\u011fine se\u00e7ildi. Kemerdamlar\u0131 Mahalle Muhtar\u0131 Ahmet Ayy\u0131ld\u0131z ise 42 oy ald\u0131.<br \/>\n<br \/>Salihli Sosyal Yard\u0131mla\u015fma ve Dayan\u0131\u015fma Vakf\u0131 M\u00fcd\u00fcr\u00fc Mustafa Torun, m\u00fctevelli heyetine se\u00e7ilen muhtarlara g\u00f6revlerinde ba\u015far\u0131lar dileyerek, se\u00e7im sonu\u00e7lar\u0131n\u0131n hay\u0131rl\u0131 olmas\u0131n\u0131 temenni etti.<br \/><\/p>\n","protected":false},"excerpt":{"rendered":"<p>Manisa\u2019n\u0131n Salihli il\u00e7esindeki Sosyal Yard\u0131mla\u015fma ve Dayan\u0131\u015fma Vakf\u0131 (SYDV) M\u00fctevelli Heyeti\u2019nde 2026 y\u0131l\u0131nda g\u00f6rev alacak muhtar \u00fcyelerin belirlenmesi amac\u0131yla se\u00e7im yap\u0131ld\u0131. Se\u00e7im, Salihli Borsa \u0130stanbul Mesleki ve Teknik Anadolu Lisesi Konferans Salonu\u2019nda ger\u00e7ekle\u015ftirildi. Toplam 103 muhtardan, 95 muhtar\u0131n oy kulland\u0131\u011f\u0131 se\u00e7imde \u00c7ayk\u00f6y Mahalle Muhtar\u0131 Hamza \u00d6zbek, K\u0131rveli Mahalle Muhtar\u0131 Mehmet Emin Kanat ve Kemerdamlar\u0131 Mahalle&#8230;<\/p>\n","protected":false},"author":1,"featured_media":77000,"comment_status":"open","ping_status":"open","sticky":false,"template":"","format":"standard","meta":{"_crdt_document":"","footnotes":""},"categories":[127],"tags":[],"class_list":["post-76999","post","type-post","status-publish","format-standard","has-post-thumbnail","hentry","category-siyaset"],"_links":{"self":[{"href":"https:\/\/www.egemtv.com\/index.php?rest_route=\/wp\/v2\/posts\/76999","targetHints":{"allow":["GET"]}}],"collection":[{"href":"https:\/\/www.egemtv.com\/index.php?rest_route=\/wp\/v2\/posts"}],"about":[{"href":"https:\/\/www.egemtv.com\/index.php?rest_route=\/wp\/v2\/types\/post"}],"author":[{"embeddable":true,"href":"https:\/\/www.egemtv.com\/index.php?rest_route=\/wp\/v2\/users\/1"}],"replies":[{"embeddable":true,"href":"https:\/\/www.egemtv.com\/index.php?rest_route=%2Fwp%2Fv2%2Fcomments&post=76999"}],"version-history":[{"count":1,"href":"https:\/\/www.egemtv.com\/index.php?rest_route=\/wp\/v2\/posts\/76999\/revisions"}],"predecessor-version":[{"id":77001,"href":"https:\/\/www.egemtv.com\/index.php?rest_route=\/wp\/v2\/posts\/76999\/revisions\/77001"}],"wp:featuredmedia":[{"embeddable":true,"href":"https:\/\/www.egemtv.com\/index.php?rest_route=\/wp\/v2\/media\/77000"}],"wp:attachment":[{"href":"https:\/\/www.egemtv.com\/index.php?rest_route=%2Fwp%2Fv2%2Fmedia&parent=76999"}],"wp:term":[{"taxonomy":"category","embeddable":true,"href":"https:\/\/www.egemtv.com\/index.php?rest_route=%2Fwp%2Fv2%2Fcategories&post=76999"},{"taxonomy":"post_tag","embeddable":true,"href":"https:\/\/www.egemtv.com\/index.php?rest_route=%2Fwp%2Fv2%2Ftags&post=76999"}],"curies":[{"name":"wp","href":"https:\/\/api.w.org\/{rel}","templated":true}]}}