{"id":76996,"date":"2025-12-27T13:14:47","date_gmt":"2025-12-27T10:14:47","guid":{"rendered":"https:\/\/www.egemtv.com\/?p=76996"},"modified":"2025-12-27T13:14:48","modified_gmt":"2025-12-27T10:14:48","slug":"ciftcinin-mesaisi-kisin-da-suruyor","status":"publish","type":"post","link":"https:\/\/www.egemtv.com\/?p=76996","title":{"rendered":"\u00c7ift\u00e7inin mesaisi k\u0131\u015f\u0131n da s\u00fcr\u00fcyor"},"content":{"rendered":"<p>Manisa\u2019n\u0131n Sar\u0131g\u00f6l il\u00e7esi ve \u00e7evresinde ge\u00e7imini tar\u0131mla sa\u011flayan \u00e7ift\u00e7iler, k\u0131\u015f mevsimine ra\u011fmen tar\u0131msal faaliyetlerini aral\u0131ks\u0131z s\u00fcrd\u00fcr\u00fcyor.<br \/>\n<br \/>Havan\u0131n a\u00e7\u0131k oldu\u011fu g\u00fcnleri f\u0131rsata \u00e7eviren \u00fcreticiler, so\u011fuk havaya ald\u0131r\u0131\u015f etmeden budama makas\u0131 ve testerelerini alarak ba\u011flara ve meyve bah\u00e7elerine giriyor. \u00c7ift\u00e7iler, ba\u011flar\u0131n kenarlar\u0131nda bulunan elma, \u015feftali ve kay\u0131s\u0131 gibi meyve a\u011fa\u00e7lar\u0131n\u0131n budama i\u015flemlerini titizlikle ger\u00e7ekle\u015ftiriyor.<br \/>\n<br \/>\u0130\u015flerinden arta kalan zamanlarda arazilerine gelen \u00fcreticiler, hem \u00fcz\u00fcm ba\u011flar\u0131n\u0131n hem de meyve a\u011fa\u00e7lar\u0131n\u0131n bak\u0131m\u0131n\u0131 yaparak g\u00fcnlerinin b\u00fcy\u00fck b\u00f6l\u00fcm\u00fcn\u00fc ba\u011flarda ge\u00e7iriyor.<br \/>\n<br \/>Sar\u0131g\u00f6ll\u00fc \u00e7ift\u00e7i Serhat Akkaya, budaman\u0131n verim a\u00e7\u0131s\u0131ndan \u00f6nemine dikkat \u00e7ekerek, &#8220;\u00c7ift\u00e7inin yaz\u0131s\u0131 b\u00f6yle, bak\u0131m yapmak \u00e7ok \u00f6nemli. Bu d\u00f6nemde meyve a\u011fa\u00e7lar\u0131n\u0131n budanmas\u0131 olduk\u00e7a faydal\u0131 oluyor. \u00dcz\u00fcm ba\u011flar\u0131n\u0131n budamas\u0131 ise mart ay\u0131 sonuna kadar devam ediyor. Hem vaktimizi de\u011ferlendiriyoruz hem de i\u015fi kendimiz yapt\u0131\u011f\u0131m\u0131z i\u00e7in masraflar\u0131 azalt\u0131yoruz.&#8221; dedi.<br \/><\/p>\n","protected":false},"excerpt":{"rendered":"<p>Manisa\u2019n\u0131n Sar\u0131g\u00f6l il\u00e7esi ve \u00e7evresinde ge\u00e7imini tar\u0131mla sa\u011flayan \u00e7ift\u00e7iler, k\u0131\u015f mevsimine ra\u011fmen tar\u0131msal faaliyetlerini aral\u0131ks\u0131z s\u00fcrd\u00fcr\u00fcyor. Havan\u0131n a\u00e7\u0131k oldu\u011fu g\u00fcnleri f\u0131rsata \u00e7eviren \u00fcreticiler, so\u011fuk havaya ald\u0131r\u0131\u015f etmeden budama makas\u0131 ve testerelerini alarak ba\u011flara ve meyve bah\u00e7elerine giriyor. \u00c7ift\u00e7iler, ba\u011flar\u0131n kenarlar\u0131nda bulunan elma, \u015feftali ve kay\u0131s\u0131 gibi meyve a\u011fa\u00e7lar\u0131n\u0131n budama i\u015flemlerini titizlikle ger\u00e7ekle\u015ftiriyor. \u0130\u015flerinden arta kalan&#8230;<\/p>\n","protected":false},"author":1,"featured_media":76997,"comment_status":"open","ping_status":"open","sticky":false,"template":"","format":"standard","meta":{"_crdt_document":"","footnotes":""},"categories":[125],"tags":[],"class_list":["post-76996","post","type-post","status-publish","format-standard","has-post-thumbnail","hentry","category-ekonomi"],"_links":{"self":[{"href":"https:\/\/www.egemtv.com\/index.php?rest_route=\/wp\/v2\/posts\/76996","targetHints":{"allow":["GET"]}}],"collection":[{"href":"https:\/\/www.egemtv.com\/index.php?rest_route=\/wp\/v2\/posts"}],"about":[{"href":"https:\/\/www.egemtv.com\/index.php?rest_route=\/wp\/v2\/types\/post"}],"author":[{"embeddable":true,"href":"https:\/\/www.egemtv.com\/index.php?rest_route=\/wp\/v2\/users\/1"}],"replies":[{"embeddable":true,"href":"https:\/\/www.egemtv.com\/index.php?rest_route=%2Fwp%2Fv2%2Fcomments&post=76996"}],"version-history":[{"count":1,"href":"https:\/\/www.egemtv.com\/index.php?rest_route=\/wp\/v2\/posts\/76996\/revisions"}],"predecessor-version":[{"id":76998,"href":"https:\/\/www.egemtv.com\/index.php?rest_route=\/wp\/v2\/posts\/76996\/revisions\/76998"}],"wp:featuredmedia":[{"embeddable":true,"href":"https:\/\/www.egemtv.com\/index.php?rest_route=\/wp\/v2\/media\/76997"}],"wp:attachment":[{"href":"https:\/\/www.egemtv.com\/index.php?rest_route=%2Fwp%2Fv2%2Fmedia&parent=76996"}],"wp:term":[{"taxonomy":"category","embeddable":true,"href":"https:\/\/www.egemtv.com\/index.php?rest_route=%2Fwp%2Fv2%2Fcategories&post=76996"},{"taxonomy":"post_tag","embeddable":true,"href":"https:\/\/www.egemtv.com\/index.php?rest_route=%2Fwp%2Fv2%2Ftags&post=76996"}],"curies":[{"name":"wp","href":"https:\/\/api.w.org\/{rel}","templated":true}]}}