{"id":76993,"date":"2025-12-27T12:55:03","date_gmt":"2025-12-27T09:55:03","guid":{"rendered":"https:\/\/www.egemtv.com\/?p=76993"},"modified":"2025-12-27T12:55:04","modified_gmt":"2025-12-27T09:55:04","slug":"ortaklar-semt-pazarinda-gida-denetimi","status":"publish","type":"post","link":"https:\/\/www.egemtv.com\/?p=76993","title":{"rendered":"Ortaklar Semt Pazar\u0131\u2019nda g\u0131da denetimi"},"content":{"rendered":"<p>Germencik Belediyesi Zab\u0131ta M\u00fcd\u00fcrl\u00fc\u011f\u00fc ile \u0130l\u00e7e Tar\u0131m ve Orman M\u00fcd\u00fcrl\u00fc\u011f\u00fc ekipleri, Ortaklar Semt Pazar\u0131\u2019nda halk sa\u011fl\u0131\u011f\u0131n\u0131 korumaya y\u00f6nelik kapsaml\u0131 g\u0131da denetimi ger\u00e7ekle\u015ftirdi.<br \/>\n<br \/>Germencik Belediyesi Zab\u0131ta M\u00fcd\u00fcrl\u00fc\u011f\u00fc ekipleri, \u0130l\u00e7e Tar\u0131m ve Orman M\u00fcd\u00fcrl\u00fc\u011f\u00fc ekipleriyle planlanan ortak \u00e7al\u0131\u015fma faaliyeti kapsam\u0131nda Ortaklar Semt Pazar\u0131\u2019nda detayl\u0131 g\u0131da denetimi ger\u00e7ekle\u015ftirdi. Halk sa\u011fl\u0131\u011f\u0131n\u0131n korunmas\u0131 amac\u0131yla y\u00fcr\u00fct\u00fclen denetimlerde, pazarda sat\u0131\u015fa sunulan g\u0131da \u00fcr\u00fcnleri hijyen, kalite ve mevzuata uygunluk a\u00e7\u0131s\u0131ndan titizlikle kontrol edildi. Yap\u0131lan kontrollerde hem sat\u0131c\u0131lar bilgilendirildi hem de t\u00fcketicilerin g\u00fcvenli g\u0131daya ula\u015fmas\u0131 hedeflendi. Germencik Belediye Ba\u015fkan\u0131 Burak Zencirci, denetimlerin d\u00fczenli olarak s\u00fcrd\u00fcr\u00fclece\u011fini belirterek, &#8220;Germencik Zab\u0131ta M\u00fcd\u00fcrl\u00fc\u011f\u00fc ekiplerimiz, \u0130l\u00e7e Tar\u0131m ve Orman M\u00fcd\u00fcrl\u00fc\u011f\u00fc ekipleri ile planlanan ortak \u00e7al\u0131\u015fma faaliyeti kapsam\u0131nda Ortaklar Semt Pazar\u0131\u2019nda detayl\u0131 g\u0131da denetimi ger\u00e7ekle\u015ftirmi\u015ftir. Halk sa\u011fl\u0131\u011f\u0131n\u0131n korunmas\u0131 amac\u0131yla y\u00fcr\u00fct\u00fclen denetimlerde, sat\u0131\u015fa sunulan \u00fcr\u00fcnler titizlikle kontrol edilmi\u015ftir. Denetimlerimiz aral\u0131ks\u0131z devam edecektir&#8221; dedi.<br \/><\/p>\n","protected":false},"excerpt":{"rendered":"<p>Germencik Belediyesi Zab\u0131ta M\u00fcd\u00fcrl\u00fc\u011f\u00fc ile \u0130l\u00e7e Tar\u0131m ve Orman M\u00fcd\u00fcrl\u00fc\u011f\u00fc ekipleri, Ortaklar Semt Pazar\u0131\u2019nda halk sa\u011fl\u0131\u011f\u0131n\u0131 korumaya y\u00f6nelik kapsaml\u0131 g\u0131da denetimi ger\u00e7ekle\u015ftirdi. Germencik Belediyesi Zab\u0131ta M\u00fcd\u00fcrl\u00fc\u011f\u00fc ekipleri, \u0130l\u00e7e Tar\u0131m ve Orman M\u00fcd\u00fcrl\u00fc\u011f\u00fc ekipleriyle planlanan ortak \u00e7al\u0131\u015fma faaliyeti kapsam\u0131nda Ortaklar Semt Pazar\u0131\u2019nda detayl\u0131 g\u0131da denetimi ger\u00e7ekle\u015ftirdi. Halk sa\u011fl\u0131\u011f\u0131n\u0131n korunmas\u0131 amac\u0131yla y\u00fcr\u00fct\u00fclen denetimlerde, pazarda sat\u0131\u015fa sunulan g\u0131da&#8230;<\/p>\n","protected":false},"author":1,"featured_media":76994,"comment_status":"open","ping_status":"open","sticky":false,"template":"","format":"standard","meta":{"_crdt_document":"","footnotes":""},"categories":[1],"tags":[],"class_list":["post-76993","post","type-post","status-publish","format-standard","has-post-thumbnail","hentry","category-guncel"],"_links":{"self":[{"href":"https:\/\/www.egemtv.com\/index.php?rest_route=\/wp\/v2\/posts\/76993","targetHints":{"allow":["GET"]}}],"collection":[{"href":"https:\/\/www.egemtv.com\/index.php?rest_route=\/wp\/v2\/posts"}],"about":[{"href":"https:\/\/www.egemtv.com\/index.php?rest_route=\/wp\/v2\/types\/post"}],"author":[{"embeddable":true,"href":"https:\/\/www.egemtv.com\/index.php?rest_route=\/wp\/v2\/users\/1"}],"replies":[{"embeddable":true,"href":"https:\/\/www.egemtv.com\/index.php?rest_route=%2Fwp%2Fv2%2Fcomments&post=76993"}],"version-history":[{"count":1,"href":"https:\/\/www.egemtv.com\/index.php?rest_route=\/wp\/v2\/posts\/76993\/revisions"}],"predecessor-version":[{"id":76995,"href":"https:\/\/www.egemtv.com\/index.php?rest_route=\/wp\/v2\/posts\/76993\/revisions\/76995"}],"wp:featuredmedia":[{"embeddable":true,"href":"https:\/\/www.egemtv.com\/index.php?rest_route=\/wp\/v2\/media\/76994"}],"wp:attachment":[{"href":"https:\/\/www.egemtv.com\/index.php?rest_route=%2Fwp%2Fv2%2Fmedia&parent=76993"}],"wp:term":[{"taxonomy":"category","embeddable":true,"href":"https:\/\/www.egemtv.com\/index.php?rest_route=%2Fwp%2Fv2%2Fcategories&post=76993"},{"taxonomy":"post_tag","embeddable":true,"href":"https:\/\/www.egemtv.com\/index.php?rest_route=%2Fwp%2Fv2%2Ftags&post=76993"}],"curies":[{"name":"wp","href":"https:\/\/api.w.org\/{rel}","templated":true}]}}