{"id":76990,"date":"2025-12-27T12:55:03","date_gmt":"2025-12-27T09:55:03","guid":{"rendered":"https:\/\/www.egemtv.com\/?p=76990"},"modified":"2025-12-27T12:55:03","modified_gmt":"2025-12-27T09:55:03","slug":"kutahya-zafer-havalimani-turkiyenin-lojistik-ve-havacilik-ussu-olacak","status":"publish","type":"post","link":"https:\/\/www.egemtv.com\/?p=76990","title":{"rendered":"K\u00fctahya Zafer Havaliman\u0131 \u2019T\u00fcrkiye\u2019nin Lojistik ve Havac\u0131l\u0131k \u00dcss\u00fc\u2019 olacak"},"content":{"rendered":"<p>AK Parti K\u00fctahya Milletvekili Mehmet Demir, Zafer Havaliman\u0131\u2019n\u0131n zarar etti\u011fi y\u00f6n\u00fcndeki ele\u015ftiriler \u00fczerine kapsaml\u0131 bir d\u00f6n\u00fc\u015f\u00fcm projesi y\u00fcr\u00fct\u00fcld\u00fc\u011f\u00fcn\u00fc belirterek, havaliman\u0131n\u0131n T\u00fcrkiye\u2019nin havac\u0131l\u0131k ve lojistik alan\u0131nda stratejik merkezlerinden biri haline getirilece\u011fini s\u00f6yledi.<br \/>\n<br \/>K\u0131demli Gazeteciler Gezek Grubu\u2019nun etkinli\u011fine kat\u0131lan Demir, Alt\u0131nta\u015f Havaliman\u0131\u2019na u\u00e7ak bak\u0131m at\u00f6lyesi (145 Bak\u0131m At\u00f6lyesi) kurulaca\u011f\u0131n\u0131 belirterek, burada u\u00e7aklar\u0131n teknik bak\u0131mlar\u0131n\u0131n yap\u0131laca\u011f\u0131n\u0131 ifade etti. Bunun yan\u0131 s\u0131ra T\u00fcrkiye\u2019de ilk olacak u\u00e7ak s\u00f6k\u00fcm tesisinin de K\u00fctahya\u2019da hayata ge\u00e7irilece\u011fini vurgulayan Demir, ekonomik \u00f6mr\u00fcn\u00fc tamamlayan u\u00e7aklar\u0131n s\u00f6k\u00fclerek par\u00e7alar\u0131n\u0131n ikinci el yedek par\u00e7a olarak ekonomiye kazand\u0131r\u0131laca\u011f\u0131n\u0131 dile getirdi.<\/p>\n<p>Serbest b\u00f6lge ve lojistik merkez hedefi<br \/>\n<br \/>U\u00e7ak s\u00f6k\u00fcm tesisinin yurt d\u0131\u015f\u0131 men\u015feli bir faaliyet olmas\u0131 nedeniyle serbest b\u00f6lge kurulmas\u0131n\u0131n zorunlu hale geldi\u011fini belirten Demir, bu geli\u015fmenin K\u00fctahya\u2019da uzun y\u0131llard\u0131r hayal edilen serbest b\u00f6lgenin kurulmas\u0131na zemin haz\u0131rlayaca\u011f\u0131n\u0131 s\u00f6yledi. Serbest b\u00f6lgeyle birlikte ihracat ve ithalatta vergi avantajlar\u0131 sa\u011flanaca\u011f\u0131n\u0131, b\u00f6lgenin \u00f6nemli bir lojistik merkez haline gelece\u011fini kaydetti.<br \/>\n<br \/>Alt\u0131nta\u015f Havaliman\u0131\u2019n\u0131n hava kargo da\u011f\u0131t\u0131m \u00fcss\u00fc olarak planland\u0131\u011f\u0131n\u0131 ifade eden Demir, \u0130stanbul Havaliman\u0131\u2019ndaki y\u00fcksek park ve bekleme maliyetlerine dikkat \u00e7ekerek, Alt\u0131nta\u015f\u2019\u0131n daha ekonomik olmas\u0131 nedeniyle uluslararas\u0131 kargo firmalar\u0131 i\u00e7in cazip bir merkez olaca\u011f\u0131n\u0131 belirtti. Bu sayede Alt\u0131nta\u015f\u2019\u0131n T\u00fcrkiye genelinde hava kargo da\u011f\u0131t\u0131m noktas\u0131 haline gelece\u011fini vurgulad\u0131.<\/p>\n<p>Tun\u00e7bilek-Tav\u015fanl\u0131 b\u00f6lgesine end\u00fcstri b\u00f6lgesi<br \/>\n<br \/>Konu\u015fmas\u0131nda K\u00fctahya\u2019n\u0131n kuzeydo\u011fusuna y\u00f6nelik projelere de de\u011finen Demir, Tun\u00e7bilek ve Tav\u015fanl\u0131 b\u00f6lgesinde k\u00f6m\u00fcr \u00fcretimi tamamlanan maden sahalar\u0131n\u0131n end\u00fcstri b\u00f6lgesine d\u00f6n\u00fc\u015ft\u00fcr\u00fclmesi i\u00e7in yakla\u015f\u0131k 24 ayd\u0131r \u00e7al\u0131\u015fma y\u00fcr\u00fct\u00fcld\u00fc\u011f\u00fcn\u00fc s\u00f6yledi.<br \/>\n<br \/>Sanayi ve Teknoloji Bakanl\u0131\u011f\u0131\u2019n\u0131n ilgili kurumlara yaz\u0131 g\u00f6nderdi\u011fini belirten Demir, 6,5 milyon metrekarelik tek par\u00e7a alan\u0131n end\u00fcstri b\u00f6lgesi olarak planland\u0131\u011f\u0131n\u0131 a\u00e7\u0131klad\u0131. End\u00fcstri b\u00f6lgesinde yat\u0131r\u0131m yapacak firmalar\u0131n y\u00fcksek yat\u0131r\u0131m ve ihracat \u015fartlar\u0131n\u0131 ta\u015f\u0131mas\u0131 gerekti\u011fini ifade eden Demir, sadece b\u00fcy\u00fck ve stratejik yat\u0131r\u0131mlar\u0131n b\u00f6lgeye kabul edilece\u011fini s\u00f6yledi.<\/p>\n<p>10 bin ki\u015filik istihdam ve savunma sanayi<br \/>\n<br \/>Demir, baz\u0131 firmalar\u0131n \u015fimdiden yat\u0131r\u0131m taleplerini iletti\u011fini, tek bir firman\u0131n dahi 10 bin ki\u015filik istihdam \u00f6ng\u00f6rd\u00fc\u011f\u00fcn\u00fc belirtti. B\u00f6lgenin karayolu, demiryolu, denizyolu ve havayolu ba\u011flant\u0131lar\u0131 a\u00e7\u0131s\u0131ndan son derece avantajl\u0131 oldu\u011funu vurgulayan Demir, K\u00fctahya\u2019n\u0131n T\u00fcrkiye\u2019nin sanayi haritas\u0131nda stratejik bir konuma ta\u015f\u0131naca\u011f\u0131n\u0131 ifade etti.<br \/>\n<br \/>End\u00fcstri b\u00f6lgesinde savunma sanayine y\u00f6nelik \u00fcretim yap\u0131lmas\u0131n\u0131n hedeflendi\u011fini s\u00f6yleyen Demir, yurt d\u0131\u015f\u0131nda faaliyet g\u00f6steren K\u00fctahyal\u0131 sanayicilerin de memleketlerine yat\u0131r\u0131m yapma konusunda istekli olduklar\u0131n\u0131 dile getirdi.<br \/>\n<br \/>Mehmet Demir, t\u00fcm bu projelerin hayata ge\u00e7mesiyle K\u00fctahya\u2019n\u0131n sadece do\u011fal g\u00fczellikleri, termali ve tarihiyle de\u011fil; havac\u0131l\u0131k, lojistik ve sanayi alanlar\u0131nda da T\u00fcrkiye\u2019nin \u00f6nde gelen \u015fehirlerinden biri haline gelece\u011fini belirterek, yak\u0131n zamanda kamuoyuna m\u00fcjdeli haberler verilece\u011fini s\u00f6zlerine ekledi.<br \/><\/p>\n","protected":false},"excerpt":{"rendered":"<p>AK Parti K\u00fctahya Milletvekili Mehmet Demir, Zafer Havaliman\u0131\u2019n\u0131n zarar etti\u011fi y\u00f6n\u00fcndeki ele\u015ftiriler \u00fczerine kapsaml\u0131 bir d\u00f6n\u00fc\u015f\u00fcm projesi y\u00fcr\u00fct\u00fcld\u00fc\u011f\u00fcn\u00fc belirterek, havaliman\u0131n\u0131n T\u00fcrkiye\u2019nin havac\u0131l\u0131k ve lojistik alan\u0131nda stratejik merkezlerinden biri haline getirilece\u011fini s\u00f6yledi. K\u0131demli Gazeteciler Gezek Grubu\u2019nun etkinli\u011fine kat\u0131lan Demir, Alt\u0131nta\u015f Havaliman\u0131\u2019na u\u00e7ak bak\u0131m at\u00f6lyesi (145 Bak\u0131m At\u00f6lyesi) kurulaca\u011f\u0131n\u0131 belirterek, burada u\u00e7aklar\u0131n teknik bak\u0131mlar\u0131n\u0131n yap\u0131laca\u011f\u0131n\u0131 ifade etti&#8230;.<\/p>\n","protected":false},"author":1,"featured_media":76991,"comment_status":"open","ping_status":"open","sticky":false,"template":"","format":"standard","meta":{"_crdt_document":"","footnotes":""},"categories":[127],"tags":[],"class_list":["post-76990","post","type-post","status-publish","format-standard","has-post-thumbnail","hentry","category-siyaset"],"_links":{"self":[{"href":"https:\/\/www.egemtv.com\/index.php?rest_route=\/wp\/v2\/posts\/76990","targetHints":{"allow":["GET"]}}],"collection":[{"href":"https:\/\/www.egemtv.com\/index.php?rest_route=\/wp\/v2\/posts"}],"about":[{"href":"https:\/\/www.egemtv.com\/index.php?rest_route=\/wp\/v2\/types\/post"}],"author":[{"embeddable":true,"href":"https:\/\/www.egemtv.com\/index.php?rest_route=\/wp\/v2\/users\/1"}],"replies":[{"embeddable":true,"href":"https:\/\/www.egemtv.com\/index.php?rest_route=%2Fwp%2Fv2%2Fcomments&post=76990"}],"version-history":[{"count":1,"href":"https:\/\/www.egemtv.com\/index.php?rest_route=\/wp\/v2\/posts\/76990\/revisions"}],"predecessor-version":[{"id":76992,"href":"https:\/\/www.egemtv.com\/index.php?rest_route=\/wp\/v2\/posts\/76990\/revisions\/76992"}],"wp:featuredmedia":[{"embeddable":true,"href":"https:\/\/www.egemtv.com\/index.php?rest_route=\/wp\/v2\/media\/76991"}],"wp:attachment":[{"href":"https:\/\/www.egemtv.com\/index.php?rest_route=%2Fwp%2Fv2%2Fmedia&parent=76990"}],"wp:term":[{"taxonomy":"category","embeddable":true,"href":"https:\/\/www.egemtv.com\/index.php?rest_route=%2Fwp%2Fv2%2Fcategories&post=76990"},{"taxonomy":"post_tag","embeddable":true,"href":"https:\/\/www.egemtv.com\/index.php?rest_route=%2Fwp%2Fv2%2Ftags&post=76990"}],"curies":[{"name":"wp","href":"https:\/\/api.w.org\/{rel}","templated":true}]}}