{"id":76984,"date":"2025-12-27T12:34:45","date_gmt":"2025-12-27T09:34:45","guid":{"rendered":"https:\/\/www.egemtv.com\/?p=76984"},"modified":"2025-12-27T12:34:47","modified_gmt":"2025-12-27T09:34:47","slug":"marmaris-ticaret-odasindan-2-bin-yillik-kaya-mezarlarina-kamerali-koruma-destegi","status":"publish","type":"post","link":"https:\/\/www.egemtv.com\/?p=76984","title":{"rendered":"Marmaris Ticaret Odas\u0131\u2019ndan 2 bin y\u0131ll\u0131k kaya mezarlar\u0131na kameral\u0131 koruma deste\u011fi"},"content":{"rendered":"<p>Mu\u011fla\u2019n\u0131n Marmaris il\u00e7esine yakla\u015f\u0131k 18 kilometre mesafedeki Ye\u015filbelde Mahallesi\u2019nde bulunan 2 bin 400 y\u0131ll\u0131k Kaya Mezar\u0131, y\u00fcr\u00fct\u00fclen \u00e7al\u0131\u015fmalar\u0131n tamamlanmas\u0131n\u0131n ard\u0131ndan koruma alt\u0131na al\u0131nd\u0131. Marmaris Ticaret Odas\u0131 katk\u0131lar\u0131 ile mezar\u0131n etraf\u0131 \u0131\u015f\u0131kland\u0131r\u0131l\u0131rken, g\u00fcvenlik amac\u0131yla da kameralar tak\u0131ld\u0131.<\/p>\n<p>Marmaris genelinde s\u00fcrd\u00fcr\u00fclen k\u00fclt\u00fcrel miras\u0131 koruma \u00e7al\u0131\u015fmalar\u0131na bir yenisi daha eklendi. Hakk\u0131nda s\u0131n\u0131rl\u0131 say\u0131da ara\u015ft\u0131rma bulunan ve K\u00fclt\u00fcr ve Turizm Bakanl\u0131\u011f\u0131 taraf\u0131ndan korunmas\u0131 gerekli k\u00fclt\u00fcr varl\u0131\u011f\u0131 olarak tescillenen Ye\u015filbelde Kaya Mezar\u0131, Marmaris Ticaret Odas\u0131\u2019n\u0131n destekleri, Marmaris M\u00fcze M\u00fcd\u00fcrl\u00fc\u011f\u00fc\u2019n\u00fcn denetimi ve MSK\u00dc Arkeoloji B\u00f6l\u00fcm\u00fc \u00d6\u011fretim \u00dcyesi Do\u00e7. Dr. Mehmet G\u00fcrb\u00fczer\u2019in dan\u0131\u015fmanl\u0131\u011f\u0131nda ger\u00e7ekle\u015ftirilen \u00e7al\u0131\u015fmalarla g\u00fcvence alt\u0131na al\u0131nd\u0131. \u00c7al\u0131\u015fmalar kapsam\u0131nda mezar\u0131n \u00e7evresindeki yo\u011fun bitki \u00f6rt\u00fcs\u00fc temizlendi, \u00e7evre d\u00fczenlemesi yap\u0131ld\u0131, g\u00fcvenlik \u015feridi olu\u015fturuldu. Alan, uyar\u0131 ve bilgilendirme tabelalar\u0131yla donat\u0131l\u0131rken, ayd\u0131nlatma ve g\u00fcvenlik kameralar\u0131 da yerle\u015ftirildi.<\/p>\n<p>Karia ve Lykia b\u00f6lgelerinde yayg\u0131n olarak g\u00f6r\u00fclen tap\u0131nak cepheli kaya mezarlar\u0131n\u0131n kuzeydeki son \u00f6rne\u011fi, Marmaris\u2019te ise tek \u00f6rne\u011fi olan Ye\u015filbelde Kaya Mezar\u0131, mimari \u00f6zellikleriyle dikkat \u00e7ekiyor. B\u00f6lgede s\u0131k rastlanan \u0130on d\u00fczeni yerine Dor d\u00fczenine sahip olmas\u0131, yap\u0131y\u0131 benzerlerinden ay\u0131r\u0131yor. Mezar\u0131n M.\u00d6. 4. y\u00fczy\u0131lda in\u015fa edildi\u011fi ve Roma D\u00f6nemi boyunca da kullan\u0131ld\u0131\u011f\u0131 tahmin ediliyor. G\u00fcn\u00fcm\u00fcz k\u00f6y mezarl\u0131\u011f\u0131n\u0131n kuzey yamac\u0131nda yer alan, tek odal\u0131 ve tap\u0131nak cepheli kaya mezar\u0131, 2,88 metre cephe y\u00fcksekli\u011fi ve 2,52 metre cephe geni\u015fli\u011fi ile \u00f6ne \u00e7\u0131k\u0131yor. Anakayan\u0131n oyulmas\u0131yla in\u015fa edilen mezar odas\u0131nda d\u00f6rt adet klin (\u00f6l\u00fc yata\u011f\u0131) bulunuyor. Arka ve sol k\u0131s\u0131mdaki klinelerin yan y\u00fczlerinde yer alan aslan aya\u011f\u0131 kabartmalar\u0131, mezar\u0131n d\u00f6nemin \u00fcst d\u00fczey bir y\u00f6neticisine ya da soylu bir aileye ait olabilece\u011fine i\u015faret ediyor.<\/p>\n<p>&#8220;Deprem ve zemin riski projeyi de\u011fi\u015ftirdi&#8221;<br \/>\n<br \/>Konuya ili\u015fkin a\u00e7\u0131klama yapan Marmaris Ticaret Odas\u0131 Y\u00f6netim Kurulu Ba\u015fkan\u0131 S. Mutlu Ayhan, daha \u00f6nce onaylanan projede mezar\u0131n ziyaret edilebilir hale getirilmesinin planland\u0131\u011f\u0131n\u0131 ancak yap\u0131lan temizlik sonras\u0131 zemin yap\u0131s\u0131n\u0131n zay\u0131f oldu\u011funun tespit edildi\u011fini belirtti. Ayhan, ayr\u0131ca 1957 Fethiye Depremi s\u0131ras\u0131nda mezar\u0131n ba\u011fl\u0131 oldu\u011fu kaya k\u00fctlesinden koparak \u00f6ne do\u011fru e\u011fildi\u011finin ve \u00e7evrede ciddi kaya d\u00fc\u015fmelerinin ya\u015fand\u0131\u011f\u0131n\u0131n ortaya \u00e7\u0131kt\u0131\u011f\u0131n\u0131 ifade etti. Elde edilen bilgiler do\u011frultusunda projede revizyona gidildi\u011fini vurgulayan Ayhan, &#8220;Bir ta\u015f\u0131n dahi yerinden oynat\u0131lmas\u0131n\u0131n yap\u0131ya zarar verebilece\u011fi endi\u015fesiyle \u00f6nceli\u011fi korumaya verdik&#8221; dedi.<\/p>\n<p>Ayhan, projeye verdikleri desteklerden dolay\u0131 M\u00fcze M\u00fcd\u00fcr\u00fc \u015eehime Atabey, Orman \u0130\u015fletme M\u00fcd\u00fcr\u00fc G\u00f6khan \u015eahin ile Do\u00e7. Dr. Mehmet G\u00fcrb\u00fczer ve ekibine te\u015fekk\u00fcr etti.<br \/><\/p>\n","protected":false},"excerpt":{"rendered":"<p>Mu\u011fla\u2019n\u0131n Marmaris il\u00e7esine yakla\u015f\u0131k 18 kilometre mesafedeki Ye\u015filbelde Mahallesi\u2019nde bulunan 2 bin 400 y\u0131ll\u0131k Kaya Mezar\u0131, y\u00fcr\u00fct\u00fclen \u00e7al\u0131\u015fmalar\u0131n tamamlanmas\u0131n\u0131n ard\u0131ndan koruma alt\u0131na al\u0131nd\u0131. Marmaris Ticaret Odas\u0131 katk\u0131lar\u0131 ile mezar\u0131n etraf\u0131 \u0131\u015f\u0131kland\u0131r\u0131l\u0131rken, g\u00fcvenlik amac\u0131yla da kameralar tak\u0131ld\u0131. Marmaris genelinde s\u00fcrd\u00fcr\u00fclen k\u00fclt\u00fcrel miras\u0131 koruma \u00e7al\u0131\u015fmalar\u0131na bir yenisi daha eklendi. Hakk\u0131nda s\u0131n\u0131rl\u0131 say\u0131da ara\u015ft\u0131rma bulunan ve K\u00fclt\u00fcr ve&#8230;<\/p>\n","protected":false},"author":1,"featured_media":76985,"comment_status":"open","ping_status":"open","sticky":false,"template":"","format":"standard","meta":{"_crdt_document":"","footnotes":""},"categories":[1],"tags":[],"class_list":["post-76984","post","type-post","status-publish","format-standard","has-post-thumbnail","hentry","category-guncel"],"_links":{"self":[{"href":"https:\/\/www.egemtv.com\/index.php?rest_route=\/wp\/v2\/posts\/76984","targetHints":{"allow":["GET"]}}],"collection":[{"href":"https:\/\/www.egemtv.com\/index.php?rest_route=\/wp\/v2\/posts"}],"about":[{"href":"https:\/\/www.egemtv.com\/index.php?rest_route=\/wp\/v2\/types\/post"}],"author":[{"embeddable":true,"href":"https:\/\/www.egemtv.com\/index.php?rest_route=\/wp\/v2\/users\/1"}],"replies":[{"embeddable":true,"href":"https:\/\/www.egemtv.com\/index.php?rest_route=%2Fwp%2Fv2%2Fcomments&post=76984"}],"version-history":[{"count":1,"href":"https:\/\/www.egemtv.com\/index.php?rest_route=\/wp\/v2\/posts\/76984\/revisions"}],"predecessor-version":[{"id":76986,"href":"https:\/\/www.egemtv.com\/index.php?rest_route=\/wp\/v2\/posts\/76984\/revisions\/76986"}],"wp:featuredmedia":[{"embeddable":true,"href":"https:\/\/www.egemtv.com\/index.php?rest_route=\/wp\/v2\/media\/76985"}],"wp:attachment":[{"href":"https:\/\/www.egemtv.com\/index.php?rest_route=%2Fwp%2Fv2%2Fmedia&parent=76984"}],"wp:term":[{"taxonomy":"category","embeddable":true,"href":"https:\/\/www.egemtv.com\/index.php?rest_route=%2Fwp%2Fv2%2Fcategories&post=76984"},{"taxonomy":"post_tag","embeddable":true,"href":"https:\/\/www.egemtv.com\/index.php?rest_route=%2Fwp%2Fv2%2Ftags&post=76984"}],"curies":[{"name":"wp","href":"https:\/\/api.w.org\/{rel}","templated":true}]}}