{"id":76981,"date":"2025-12-27T12:34:44","date_gmt":"2025-12-27T09:34:44","guid":{"rendered":"https:\/\/www.egemtv.com\/?p=76981"},"modified":"2025-12-27T12:34:45","modified_gmt":"2025-12-27T09:34:45","slug":"armada-praxis-yalikavakspor-ikinci-yariya-hazir","status":"publish","type":"post","link":"https:\/\/www.egemtv.com\/?p=76981","title":{"rendered":"Armada Praxis Yal\u0131kavakspor ikinci yar\u0131ya haz\u0131r"},"content":{"rendered":"<p>Kad\u0131nlar S\u00fcper Ligi\u2019nde m\u00fccadele eden Armada Praxis Yal\u0131kavakspor, ligin ikinci yar\u0131s\u0131 \u00f6ncesinde oynad\u0131\u011f\u0131 haz\u0131rl\u0131k ma\u00e7lar\u0131yla form tuttu. Bodrum temsilcisi, \u0130zmir\u2019de ger\u00e7ekle\u015ftirdi\u011fi kamp\u0131 iki galibiyetle tamamlad\u0131.<\/p>\n<p>Armada Praxis Yal\u0131kavakspor, haz\u0131rl\u0131k ma\u00e7lar\u0131n\u0131 \u0130zmir\u2019de bulunan Celal Atik Spor Salonu\u2019nda oynad\u0131. Teknik ekip, bu kar\u015f\u0131la\u015fmalarda oyuncular\u0131n fiziksel ve mental durumlar\u0131n\u0131 g\u00f6rme ve kadro alternatiflerini deneme imkan\u0131 buldu. Bodrum temsilcisi, haz\u0131rl\u0131k s\u00fcrecindeki ilk ma\u00e7\u0131nda G\u00f6ztepespor ile kar\u015f\u0131 kar\u015f\u0131ya geldi. Ba\u015ftan sona etkili bir oyun ortaya koyan Yal\u0131kavakspor, m\u00fccadeleden 35-24 galip ayr\u0131ld\u0131. \u0130zmir kamp\u0131n\u0131n ikinci ma\u00e7\u0131nda \u00dcsk\u00fcdar Belediyespor ile kar\u015f\u0131la\u015fan Armada Praxis Yal\u0131kavakspor, b\u00fcy\u00fck \u00e7eki\u015fmeye sahne olan m\u00fcsabakay\u0131 28-27 kazanarak haz\u0131rl\u0131k ma\u00e7lar\u0131n\u0131 kay\u0131ps\u0131z tamamlad\u0131.<\/p>\n<p>&#8220;\u0130kinci yar\u0131ya haz\u0131r\u0131z&#8221;<br \/>\n<br \/>Haz\u0131rl\u0131k s\u00fcrecine ili\u015fkin de\u011ferlendirmede bulunan Ba\u015fantren\u00f6r K\u0131van\u00e7 \u00d6zcan, oynanan iki haz\u0131rl\u0131k ma\u00e7\u0131n\u0131n kendileri a\u00e7\u0131s\u0131ndan \u00f6nemli oldu\u011funu belirterek, &#8220;Oyuncular\u0131m\u0131z\u0131n son durumunu net \u015fekilde g\u00f6rme f\u0131rsat\u0131 yakalad\u0131k. Eksiklerimizi tespit ettik. Tak\u0131m olarak ikinci yar\u0131ya haz\u0131r\u0131z ve hedeflerimiz do\u011frultusunda \u00e7al\u0131\u015fmalar\u0131m\u0131z\u0131 s\u00fcrd\u00fcr\u00fcyoruz&#8221; ifadelerini kulland\u0131.<\/p>\n<p>&#8220;Bodrum\u2019da g\u00fc\u00e7l\u00fc bir ba\u015flang\u0131\u00e7 yapmak istiyoruz&#8221;<br \/>\n<br \/>Kul\u00fcb\u00fcn Hentbol \u015eube Sorumlusu Hayrullah Kayacan ise haz\u0131rl\u0131k ma\u00e7lar\u0131nda al\u0131nan sonu\u00e7lardan memnun olduklar\u0131n\u0131 belirterek, &#8220;Teknik ekibimiz ve oyuncular\u0131m\u0131z b\u00fcy\u00fck bir \u00f6zveriyle \u00e7al\u0131\u015f\u0131yor. \u0130kinci yar\u0131n\u0131n ilk ma\u00e7\u0131n\u0131 kendi saham\u0131zda oynayacak olmam\u0131z \u00f6nemli bir avantaj. Taraftar\u0131m\u0131z\u0131n deste\u011fiyle Bodrum\u2019da g\u00fc\u00e7l\u00fc bir ba\u015flang\u0131\u00e7 yapmak istiyoruz&#8221; dedi.<\/p>\n<p>Armada Praxis Yal\u0131kavakspor, Kad\u0131nlar S\u00fcper Ligi ikinci yar\u0131s\u0131n\u0131n ilk ma\u00e7\u0131nda Binnaz Karakaya Spor Salonu\u2019nda Yenimahalle Belediyespor\u2019u konuk edecek. Kar\u015f\u0131la\u015fma saat 17.00\u2019de oynanacak.<br \/><\/p>\n","protected":false},"excerpt":{"rendered":"<p>Kad\u0131nlar S\u00fcper Ligi\u2019nde m\u00fccadele eden Armada Praxis Yal\u0131kavakspor, ligin ikinci yar\u0131s\u0131 \u00f6ncesinde oynad\u0131\u011f\u0131 haz\u0131rl\u0131k ma\u00e7lar\u0131yla form tuttu. Bodrum temsilcisi, \u0130zmir\u2019de ger\u00e7ekle\u015ftirdi\u011fi kamp\u0131 iki galibiyetle tamamlad\u0131. Armada Praxis Yal\u0131kavakspor, haz\u0131rl\u0131k ma\u00e7lar\u0131n\u0131 \u0130zmir\u2019de bulunan Celal Atik Spor Salonu\u2019nda oynad\u0131. Teknik ekip, bu kar\u015f\u0131la\u015fmalarda oyuncular\u0131n fiziksel ve mental durumlar\u0131n\u0131 g\u00f6rme ve kadro alternatiflerini deneme imkan\u0131 buldu. Bodrum temsilcisi,&#8230;<\/p>\n","protected":false},"author":1,"featured_media":76982,"comment_status":"open","ping_status":"open","sticky":false,"template":"","format":"standard","meta":{"_crdt_document":"","footnotes":""},"categories":[4],"tags":[],"class_list":["post-76981","post","type-post","status-publish","format-standard","has-post-thumbnail","hentry","category-spor"],"_links":{"self":[{"href":"https:\/\/www.egemtv.com\/index.php?rest_route=\/wp\/v2\/posts\/76981","targetHints":{"allow":["GET"]}}],"collection":[{"href":"https:\/\/www.egemtv.com\/index.php?rest_route=\/wp\/v2\/posts"}],"about":[{"href":"https:\/\/www.egemtv.com\/index.php?rest_route=\/wp\/v2\/types\/post"}],"author":[{"embeddable":true,"href":"https:\/\/www.egemtv.com\/index.php?rest_route=\/wp\/v2\/users\/1"}],"replies":[{"embeddable":true,"href":"https:\/\/www.egemtv.com\/index.php?rest_route=%2Fwp%2Fv2%2Fcomments&post=76981"}],"version-history":[{"count":1,"href":"https:\/\/www.egemtv.com\/index.php?rest_route=\/wp\/v2\/posts\/76981\/revisions"}],"predecessor-version":[{"id":76983,"href":"https:\/\/www.egemtv.com\/index.php?rest_route=\/wp\/v2\/posts\/76981\/revisions\/76983"}],"wp:featuredmedia":[{"embeddable":true,"href":"https:\/\/www.egemtv.com\/index.php?rest_route=\/wp\/v2\/media\/76982"}],"wp:attachment":[{"href":"https:\/\/www.egemtv.com\/index.php?rest_route=%2Fwp%2Fv2%2Fmedia&parent=76981"}],"wp:term":[{"taxonomy":"category","embeddable":true,"href":"https:\/\/www.egemtv.com\/index.php?rest_route=%2Fwp%2Fv2%2Fcategories&post=76981"},{"taxonomy":"post_tag","embeddable":true,"href":"https:\/\/www.egemtv.com\/index.php?rest_route=%2Fwp%2Fv2%2Ftags&post=76981"}],"curies":[{"name":"wp","href":"https:\/\/api.w.org\/{rel}","templated":true}]}}