{"id":76978,"date":"2025-12-27T12:34:44","date_gmt":"2025-12-27T09:34:44","guid":{"rendered":"https:\/\/www.egemtv.com\/?p=76978"},"modified":"2025-12-27T12:34:44","modified_gmt":"2025-12-27T09:34:44","slug":"bodrum-turizminin-gelecegini-masaya-yatirdilar","status":"publish","type":"post","link":"https:\/\/www.egemtv.com\/?p=76978","title":{"rendered":"Bodrum turizminin gelece\u011fini masaya yat\u0131rd\u0131lar"},"content":{"rendered":"<p>Mu\u011fla Valisi \u0130dris Akb\u0131y\u0131k\u2019\u0131 ziyaret eden T\u00dcRSAB Ba\u015fkan\u0131 Enver Kantarm\u0131\u015f ile Bodrum Otelciler Derne\u011fi Ba\u015fkan\u0131 \u00d6mer Faruk Dengiz, Bodrum turizmine ili\u015fkin \u00f6nemli ba\u015fl\u0131klar\u0131 ele ald\u0131.<\/p>\n<p>Valilik makam\u0131nda ger\u00e7ekle\u015fen ziyarette, Bodrum\u2019un turizm vizyonunu g\u00fc\u00e7lendirecek projeler ile kentteki g\u00fcncel turizm geli\u015fmeleri de\u011ferlendirildi. G\u00f6r\u00fc\u015fmede 2026 turizm sezonuna y\u00f6nelik beklenti ve hedefler masaya yat\u0131r\u0131l\u0131rken, Forum Bodrum\u2019da d\u00fczenlenmesi planlanan etkinlikler de g\u00fcndeme geldi. Ziyarete ili\u015fkin de\u011ferlendirmede bulunan T\u00dcRSAB Ba\u015fkan\u0131 Enver Kantarm\u0131\u015f, Bodrum\u2019un denizcilik alan\u0131ndaki mevcut durumu ve sahip oldu\u011fu potansiyelin ele al\u0131nd\u0131\u011f\u0131n\u0131 belirterek, kentin marka de\u011ferine katk\u0131 sunacak \u00e7al\u0131\u015fmalar hakk\u0131nda g\u00f6r\u00fc\u015f al\u0131\u015fveri\u015finde bulunuldu\u011funu ifade etti. Kantarm\u0131\u015f, g\u00f6r\u00fc\u015fmenin verimli ge\u00e7ti\u011fini vurgulayarak, Bodrum turizminin s\u00fcrd\u00fcr\u00fclebilir \u015fekilde geli\u015ftirilmesine y\u00f6nelik temaslar\u0131n \u00f6n\u00fcm\u00fczdeki s\u00fcre\u00e7te de devam edece\u011fini dile getirdi.<br \/><\/p>\n","protected":false},"excerpt":{"rendered":"<p>Mu\u011fla Valisi \u0130dris Akb\u0131y\u0131k\u2019\u0131 ziyaret eden T\u00dcRSAB Ba\u015fkan\u0131 Enver Kantarm\u0131\u015f ile Bodrum Otelciler Derne\u011fi Ba\u015fkan\u0131 \u00d6mer Faruk Dengiz, Bodrum turizmine ili\u015fkin \u00f6nemli ba\u015fl\u0131klar\u0131 ele ald\u0131. Valilik makam\u0131nda ger\u00e7ekle\u015fen ziyarette, Bodrum\u2019un turizm vizyonunu g\u00fc\u00e7lendirecek projeler ile kentteki g\u00fcncel turizm geli\u015fmeleri de\u011ferlendirildi. G\u00f6r\u00fc\u015fmede 2026 turizm sezonuna y\u00f6nelik beklenti ve hedefler masaya yat\u0131r\u0131l\u0131rken, Forum Bodrum\u2019da d\u00fczenlenmesi planlanan etkinlikler&#8230;<\/p>\n","protected":false},"author":1,"featured_media":76979,"comment_status":"open","ping_status":"open","sticky":false,"template":"","format":"standard","meta":{"_crdt_document":"","footnotes":""},"categories":[125],"tags":[],"class_list":["post-76978","post","type-post","status-publish","format-standard","has-post-thumbnail","hentry","category-ekonomi"],"_links":{"self":[{"href":"https:\/\/www.egemtv.com\/index.php?rest_route=\/wp\/v2\/posts\/76978","targetHints":{"allow":["GET"]}}],"collection":[{"href":"https:\/\/www.egemtv.com\/index.php?rest_route=\/wp\/v2\/posts"}],"about":[{"href":"https:\/\/www.egemtv.com\/index.php?rest_route=\/wp\/v2\/types\/post"}],"author":[{"embeddable":true,"href":"https:\/\/www.egemtv.com\/index.php?rest_route=\/wp\/v2\/users\/1"}],"replies":[{"embeddable":true,"href":"https:\/\/www.egemtv.com\/index.php?rest_route=%2Fwp%2Fv2%2Fcomments&post=76978"}],"version-history":[{"count":1,"href":"https:\/\/www.egemtv.com\/index.php?rest_route=\/wp\/v2\/posts\/76978\/revisions"}],"predecessor-version":[{"id":76980,"href":"https:\/\/www.egemtv.com\/index.php?rest_route=\/wp\/v2\/posts\/76978\/revisions\/76980"}],"wp:featuredmedia":[{"embeddable":true,"href":"https:\/\/www.egemtv.com\/index.php?rest_route=\/wp\/v2\/media\/76979"}],"wp:attachment":[{"href":"https:\/\/www.egemtv.com\/index.php?rest_route=%2Fwp%2Fv2%2Fmedia&parent=76978"}],"wp:term":[{"taxonomy":"category","embeddable":true,"href":"https:\/\/www.egemtv.com\/index.php?rest_route=%2Fwp%2Fv2%2Fcategories&post=76978"},{"taxonomy":"post_tag","embeddable":true,"href":"https:\/\/www.egemtv.com\/index.php?rest_route=%2Fwp%2Fv2%2Ftags&post=76978"}],"curies":[{"name":"wp","href":"https:\/\/api.w.org\/{rel}","templated":true}]}}