{"id":76975,"date":"2025-12-27T12:34:43","date_gmt":"2025-12-27T09:34:43","guid":{"rendered":"https:\/\/www.egemtv.com\/?p=76975"},"modified":"2025-12-27T12:34:43","modified_gmt":"2025-12-27T09:34:43","slug":"koycegizde-yilin-son-sabah-namazi-bulusmasi-gerceklesti","status":"publish","type":"post","link":"https:\/\/www.egemtv.com\/?p=76975","title":{"rendered":"K\u00f6yce\u011fiz\u2019de y\u0131l\u0131n son sabah namaz\u0131 bulu\u015fmas\u0131 ger\u00e7ekle\u015fti"},"content":{"rendered":"<p>Mu\u011fla\u2019n\u0131n K\u00f6yce\u011fiz il\u00e7esinde y\u0131l\u0131n son sabah namaz\u0131 bulu\u015fmas\u0131 Toparlar Mahallesi Merkez Camiinde ger\u00e7ekle\u015fti.<\/p>\n<p>K\u00f6yce\u011fiz M\u00fcft\u00fcl\u00fc\u011f\u00fc\u2019nce d\u00fczenlenen Toparlar Merkez Camii g\u00f6revlileri \u0130mam-Hatip Murat Ya\u015far, M\u00fcezzin-Kayy\u0131m Mustafa G\u00fcrhan\u2019\u0131n ev sahipli\u011finde sabah namaz\u0131 bulu\u015fmas\u0131 yap\u0131ld\u0131. Namaz \u00f6ncesi M\u00fcezzin-Kayy\u0131m Mustafa G\u00fcrhan taraf\u0131ndan Kur\u2019an-\u0131 Kerim okunup, Uzman \u0130mam-Hatip Ramazan Tokcan\u2019\u0131n k\u0131ld\u0131rm\u0131\u015f oldu\u011fu sabah namaz\u0131n\u0131n akabinde Din G\u00f6revlisi Selman G\u00fcndo\u011fdu taraf\u0131ndan tesbihat yap\u0131ld\u0131. \u0130l\u00e7e M\u00fcft\u00fcs\u00fc Ahmet Karag\u00f6z\u2019\u00fcn ve Vaiz Rauf Evleksiz\u2019in sohbetleri, Din Hizmetleri Uzman\u0131 \u0130brahim B\u00f6l\u00fckba\u015f\u0131\u2019n\u0131n yapt\u0131\u011f\u0131 dua ve cemaate \u00e7orba-\u00e7ay ikram\u0131 ile program sona erdi. Programa Toparlar, Hamitk\u00f6y, D\u00f6\u011f\u00fc\u015fbelen, Yenimahalle, A\u011fla ve di\u011fer mahallelerden g\u00f6revliler ile cemaatleri i\u015ftirak etti. M\u00fcft\u00fc Karag\u00f6z, eme\u011fi ge\u00e7en t\u00fcm g\u00f6revlilere te\u015fekk\u00fcr ederek g\u00f6revlerinde ba\u015far\u0131lar diledi.<br \/><\/p>\n","protected":false},"excerpt":{"rendered":"<p>Mu\u011fla\u2019n\u0131n K\u00f6yce\u011fiz il\u00e7esinde y\u0131l\u0131n son sabah namaz\u0131 bulu\u015fmas\u0131 Toparlar Mahallesi Merkez Camiinde ger\u00e7ekle\u015fti. K\u00f6yce\u011fiz M\u00fcft\u00fcl\u00fc\u011f\u00fc\u2019nce d\u00fczenlenen Toparlar Merkez Camii g\u00f6revlileri \u0130mam-Hatip Murat Ya\u015far, M\u00fcezzin-Kayy\u0131m Mustafa G\u00fcrhan\u2019\u0131n ev sahipli\u011finde sabah namaz\u0131 bulu\u015fmas\u0131 yap\u0131ld\u0131. Namaz \u00f6ncesi M\u00fcezzin-Kayy\u0131m Mustafa G\u00fcrhan taraf\u0131ndan Kur\u2019an-\u0131 Kerim okunup, Uzman \u0130mam-Hatip Ramazan Tokcan\u2019\u0131n k\u0131ld\u0131rm\u0131\u015f oldu\u011fu sabah namaz\u0131n\u0131n akabinde Din G\u00f6revlisi Selman G\u00fcndo\u011fdu taraf\u0131ndan&#8230;<\/p>\n","protected":false},"author":1,"featured_media":76976,"comment_status":"open","ping_status":"open","sticky":false,"template":"","format":"standard","meta":{"_crdt_document":"","footnotes":""},"categories":[1],"tags":[],"class_list":["post-76975","post","type-post","status-publish","format-standard","has-post-thumbnail","hentry","category-guncel"],"_links":{"self":[{"href":"https:\/\/www.egemtv.com\/index.php?rest_route=\/wp\/v2\/posts\/76975","targetHints":{"allow":["GET"]}}],"collection":[{"href":"https:\/\/www.egemtv.com\/index.php?rest_route=\/wp\/v2\/posts"}],"about":[{"href":"https:\/\/www.egemtv.com\/index.php?rest_route=\/wp\/v2\/types\/post"}],"author":[{"embeddable":true,"href":"https:\/\/www.egemtv.com\/index.php?rest_route=\/wp\/v2\/users\/1"}],"replies":[{"embeddable":true,"href":"https:\/\/www.egemtv.com\/index.php?rest_route=%2Fwp%2Fv2%2Fcomments&post=76975"}],"version-history":[{"count":1,"href":"https:\/\/www.egemtv.com\/index.php?rest_route=\/wp\/v2\/posts\/76975\/revisions"}],"predecessor-version":[{"id":76977,"href":"https:\/\/www.egemtv.com\/index.php?rest_route=\/wp\/v2\/posts\/76975\/revisions\/76977"}],"wp:featuredmedia":[{"embeddable":true,"href":"https:\/\/www.egemtv.com\/index.php?rest_route=\/wp\/v2\/media\/76976"}],"wp:attachment":[{"href":"https:\/\/www.egemtv.com\/index.php?rest_route=%2Fwp%2Fv2%2Fmedia&parent=76975"}],"wp:term":[{"taxonomy":"category","embeddable":true,"href":"https:\/\/www.egemtv.com\/index.php?rest_route=%2Fwp%2Fv2%2Fcategories&post=76975"},{"taxonomy":"post_tag","embeddable":true,"href":"https:\/\/www.egemtv.com\/index.php?rest_route=%2Fwp%2Fv2%2Ftags&post=76975"}],"curies":[{"name":"wp","href":"https:\/\/api.w.org\/{rel}","templated":true}]}}